{"id":33065,"date":"2023-03-28T06:00:00","date_gmt":"2023-03-28T04:00:00","guid":{"rendered":"https:\/\/entelgy.com\/ser-competentes-digitales-en-espana-en-entelgy-sabemos-de-esto\/"},"modified":"2024-11-06T23:20:42","modified_gmt":"2024-11-06T22:20:42","slug":"ser-competentes-digitales-en-espana-en-entelgy-sabemos-de-esto","status":"publish","type":"post","link":"https:\/\/entelgy.com\/pt-br\/sin-categoria\/ser-competentes-digitales-en-espana-en-entelgy-sabemos-de-esto\/","title":{"rendered":"Ser competentes digitales en Espa\u00f1a: en Entelgy sabemos de esto."},"content":{"rendered":"<p><img fetchpriority=\"high\" decoding=\"async\" class=\" size-full wp-image-33064\" src=\"https:\/\/entelgy.com\/wp-content\/uploads\/2023\/03\/7423cbaae268d52c59e86b38121c0e76.jpg\" alt=\"\" width=\"900\" height=\"506\" srcset=\"https:\/\/entelgy.com\/wp-content\/uploads\/2023\/03\/7423cbaae268d52c59e86b38121c0e76.jpg 900w, https:\/\/entelgy.com\/wp-content\/uploads\/2023\/03\/7423cbaae268d52c59e86b38121c0e76-300x169.jpg 300w, https:\/\/entelgy.com\/wp-content\/uploads\/2023\/03\/7423cbaae268d52c59e86b38121c0e76-768x432.jpg 768w\" sizes=\"(max-width: 900px) 100vw, 900px\" \/><\/p>\n<p>Desde que la UE public\u00f3 en 2013 la primera edici\u00f3n del Marco Europeo de Competencias Digitales para la Ciudadan\u00eda, conocido como DigComp, cada d\u00eda vemos mayores avances en el mundo digital en el que si sabes moverte bien o incluso destacar, est\u00e1s perdido.<\/p>\n<p><!--more--><\/p>\n<p><em>Por Alejandra del Toro Ram\u00edrez,\u00a0<\/em><em>Consultora Digital en Entelgy<\/em><\/p>\n<p><strong><\/strong>Desde los j\u00f3venes nacidos en la era digital, los de mediana edad que ya sabemos de qu\u00e9 va esto, hasta los mayores que han visto la ola de tsunami llegar y que ha transformado la sociedad, la cultura, la econom\u00eda y el mercado laboral acelerada con la pandemia, todo debemos tener competencias digitales adquiridas para sobrevivir y si las podemos acreditar, mejor.<\/p>\n<h3><strong>\u00bfY qu\u00e9 dice el marco europeo DigComp?<\/strong><\/h3>\n<p>Pues describe las habilidades que necesita una persona para usar las tecnolog\u00edas digitales de forma eficaz y responsable y las clasifica en 5 \u00e1reas y en 21 competencias digitales. Las \u00e1reas tratan sobre la b\u00fasqueda y gesti\u00f3n de informaci\u00f3n y datos, la comunicaci\u00f3n y la colaboraci\u00f3n, la creaci\u00f3n de contenidos digitales, la seguridad y la resoluci\u00f3n de problemas.<\/p>\n<h3><strong>\u00bfY c\u00f3mo lo llevamos en Espa\u00f1a?<\/strong><\/h3>\n<p>El \u00cdndice de Econom\u00eda y Sociedad Digital, conocido como DESI, que mide el rendimiento digital de los pa\u00edses Uni\u00f3n Europea en cinco dimensiones: conectividad, capital humano, uso de Internet, integraci\u00f3n de la tecnolog\u00eda digital y servicios p\u00fablicos digitales; nos dice que Espa\u00f1a ha evolucionado en los \u00faltimos a\u00f1os mejorando su puntuaci\u00f3n y su posici\u00f3n en el ranking de los pa\u00edses de la UE.<\/p>\n<p>En 2022, nos situamos en el puesto n\u00ba 7 de los 27, con una puntuaci\u00f3n de 60,8, superando al promedio europeo de 52,3. Si miramos al detalle ocupamos:<br \/>\u25cf Puesto 5 en Servicios Digitales P\u00fablicos.<br \/>\u25cf Puesto 10 en Capital Humano.<\/p>\n<h3><strong>\u00bfEntonces estamos bien?<\/strong><\/h3>\n<p>S\u00ed, se puede decir que estamos en buena posici\u00f3n respecto al resto. Ya sabemos que seg\u00fan con qui\u00e9n te compares ganas en la comparativa. Un puesto 5 en Servicios Digitales P\u00fablicos nos sit\u00faa en el top 5 de pa\u00edses que han digitalizado sus<br \/>administraciones p\u00fablicas. Todos sabemos que se puede pedir cita m\u00e9dica desde una app, hacer la declaraci\u00f3n de la RENTA desde nuestra casa o pagar un impuesto desde nuestro tel\u00e9fono.<\/p>\n<h3><strong>Pero, \u00bftodos sabemos hacerlo?<\/strong><\/h3>\n<p>La respuesta ya no es tan clara y si seguimos pregunt\u00e1ndonos\u2026 \u00bftodos sabemos hacerlo con eficacia, seguridad o con suficiente capacidad? Pues la respuesta se inclinar\u00eda m\u00e1s a que NO \u00bfverdad? Por eso estamos en el puesto 10 en Capital Humano.<\/p>\n<p>Seg\u00fan el \u00faltimo DESI, el 64% de los espa\u00f1oles tiene al menos competencias digitales b\u00e1sicas, algo lejos del objetivo que tiene marcado Europa de llegar en 2030 a un 80%, \u00bflo<br \/>conseguiremos? Tenemos que trabajar para conseguirlo. \u00bfQu\u00e9 est\u00e1n haciendo las entidades p\u00fablicas?<\/p>\n<p>Pues est\u00e1n materializando medidas para cumplir el Plan Nacional de Competencias Digitales con el Componente 19, enfocado en desarrollar las competencias digitales de la poblaci\u00f3n y las empresas.<\/p>\n<p><strong>Aqu\u00ed es donde Entelgy aporta su conocimiento<\/strong> para aterrizar y asesorar conforme a lo que dice el marco de referencia DigComp. <strong>Entelgy viene ofreciendo diversos servicios a sus clientes, la mayor\u00eda para entidades p\u00fablicas.<\/strong><\/p>\n<h3><strong>\u00bfQu\u00e9 ofrecemos desde Entelgy de forma espec\u00edfica?<\/strong><\/h3>\n<p>\u25cf Revisiones de cat\u00e1logos formativos y adaptaci\u00f3n al DigComp: permite analizar y mapear las competencias digitales, adem\u00e1s del nivel de cada curso de la oferta actual seg\u00fan establece el marco. Una informaci\u00f3n tambi\u00e9n valiosa para el usuario final.<br \/>\u25cf Dise\u00f1o y elaboraci\u00f3n de pruebas autodiagn\u00f3sticas: permite tener una herramienta de evaluaci\u00f3n de competencias digitales propia y adaptada a la organizaci\u00f3n y al marco.<br \/>\u25cf Elaboraci\u00f3n de contenidos formativos seg\u00fan DigComp para distintos niveles y colectivos: Permite tener una oferta formativa actualizada y demandada por la ciudadan\u00eda y Europa.<br \/>\u25cf Dise\u00f1o y elaboraci\u00f3n de pruebas de certificaci\u00f3n: para que un ciudadano pueda demostrar sus competencias y acreditarlas.<br \/>\u25cf Formaciones a equipo de tutorizaci\u00f3n o personal de formaci\u00f3n para conocer el proyecto DigComp y las competencias digitales de cara a la impartici\u00f3n y\/o elaboraci\u00f3n de materiales.<\/p>\n<p>Tenemos un equipo multidisciplinar, al que tengo la suerte de pertenecer, y que abarca diferentes \u00e1mbitos para cubrir mejor todas las necesidades de nuestros clientes. Somos:<br \/>\u25cf Expertos en DigComp y en competencias digitales. Somos miembros del grupo de trabajo europeo DigComp CoP.<br \/>\u25cf Expertos en pedagog\u00eda y dise\u00f1o instruccional digital.<br \/>\u25cf Correctores ortotipogr\u00e1ficos, especializados en contenidos digitales.<br \/>\u25cf Formadores y comunicadores digitales.<br \/>\u25cf Expertos en Gesti\u00f3n del Cambio.<br \/>\u25cf Expertos en elaboraci\u00f3n de contenidos digitales.<\/p><\/p>\n","protected":false},"excerpt":{"rendered":"<p>Desde que la UE public\u00f3 en 2013 la primera edici\u00f3n del Marco Europeo de Competencias Digitales para la Ciudadan\u00eda, conocido [&hellip;]<\/p>\n","protected":false},"author":4,"featured_media":33064,"comment_status":"closed","ping_status":"","sticky":false,"template":"","format":"standard","meta":{"_acf_changed":false,"rank_math_lock_modified_date":false,"site-sidebar-layout":"default","site-content-layout":"","ast-site-content-layout":"","site-content-style":"default","site-sidebar-style":"default","ast-global-header-display":"","ast-banner-title-visibility":"","ast-main-header-display":"","ast-hfb-above-header-display":"","ast-hfb-below-header-display":"","ast-hfb-mobile-header-display":"","site-post-title":"","ast-breadcrumbs-content":"","ast-featured-img":"","footer-sml-layout":"","theme-transparent-header-meta":"","adv-header-id-meta":"","stick-header-meta":"","header-above-stick-meta":"","header-main-stick-meta":"","header-below-stick-meta":"","astra-migrate-meta-layouts":"default","ast-page-background-enabled":"default","ast-page-background-meta":{"desktop":{"background-color":"var(--ast-global-color-4)","background-image":"","background-repeat":"repeat","background-position":"center center","background-size":"auto","background-attachment":"scroll","background-type":"","background-media":"","overlay-type":"","overlay-color":"","overlay-opacity":"","overlay-gradient":""},"tablet":{"background-color":"","background-image":"","background-repeat":"repeat","background-position":"center center","background-size":"auto","background-attachment":"scroll","background-type":"","background-media":"","overlay-type":"","overlay-color":"","overlay-opacity":"","overlay-gradient":""},"mobile":{"background-color":"","background-image":"","background-repeat":"repeat","background-position":"center center","background-size":"auto","background-attachment":"scroll","background-type":"","background-media":"","overlay-type":"","overlay-color":"","overlay-opacity":"","overlay-gradient":""}},"ast-content-background-meta":{"desktop":{"background-color":"var(--ast-global-color-5)","background-image":"","background-repeat":"repeat","background-position":"center center","background-size":"auto","background-attachment":"scroll","background-type":"","background-media":"","overlay-type":"","overlay-color":"","overlay-opacity":"","overlay-gradient":""},"tablet":{"background-color":"var(--ast-global-color-5)","background-image":"","background-repeat":"repeat","background-position":"center center","background-size":"auto","background-attachment":"scroll","background-type":"","background-media":"","overlay-type":"","overlay-color":"","overlay-opacity":"","overlay-gradient":""},"mobile":{"background-color":"var(--ast-global-color-5)","background-image":"","background-repeat":"repeat","background-position":"center center","background-size":"auto","background-attachment":"scroll","background-type":"","background-media":"","overlay-type":"","overlay-color":"","overlay-opacity":"","overlay-gradient":""}},"footnotes":""},"categories":[21],"tags":[7322,4687],"class_list":["post-33065","post","type-post","status-publish","format-standard","has-post-thumbnail","hentry","category-sin-categoria","tag-digcomp-espana-es","tag-entelgy-es"],"acf":[],"_links":{"self":[{"href":"https:\/\/entelgy.com\/pt-br\/wp-json\/wp\/v2\/posts\/33065","targetHints":{"allow":["GET"]}}],"collection":[{"href":"https:\/\/entelgy.com\/pt-br\/wp-json\/wp\/v2\/posts"}],"about":[{"href":"https:\/\/entelgy.com\/pt-br\/wp-json\/wp\/v2\/types\/post"}],"author":[{"embeddable":true,"href":"https:\/\/entelgy.com\/pt-br\/wp-json\/wp\/v2\/users\/4"}],"replies":[{"embeddable":true,"href":"https:\/\/entelgy.com\/pt-br\/wp-json\/wp\/v2\/comments?post=33065"}],"version-history":[{"count":0,"href":"https:\/\/entelgy.com\/pt-br\/wp-json\/wp\/v2\/posts\/33065\/revisions"}],"wp:featuredmedia":[{"embeddable":true,"href":"https:\/\/entelgy.com\/pt-br\/wp-json\/wp\/v2\/media\/33064"}],"wp:attachment":[{"href":"https:\/\/entelgy.com\/pt-br\/wp-json\/wp\/v2\/media?parent=33065"}],"wp:term":[{"taxonomy":"category","embeddable":true,"href":"https:\/\/entelgy.com\/pt-br\/wp-json\/wp\/v2\/categories?post=33065"},{"taxonomy":"post_tag","embeddable":true,"href":"https:\/\/entelgy.com\/pt-br\/wp-json\/wp\/v2\/tags?post=33065"}],"curies":[{"name":"wp","href":"https:\/\/api.w.org\/{rel}","templated":true}]}}