{"id":29049,"date":"2009-06-14T22:00:00","date_gmt":"2009-06-14T20:00:00","guid":{"rendered":"https:\/\/entelgy.com\/entel-catalunya-participa-en-la-liga-de-futbol-7-corporate-cup\/"},"modified":"2024-11-06T22:47:29","modified_gmt":"2024-11-06T21:47:29","slug":"entel-catalunya-participa-en-la-liga-de-futbol-7-corporate-cup","status":"publish","type":"post","link":"https:\/\/entelgy.com\/pt-br\/actualidad-es\/entel-catalunya-participa-en-la-liga-de-futbol-7-corporate-cup\/","title":{"rendered":"Entel Catalunya participa en la Liga de F\u00fatbol 7 Corporate Cup"},"content":{"rendered":"<p><img decoding=\"async\" src=\"media\/k2\/items\/src\/8f404a5113d9222f44c259f4260d3a93.jpg\" alt=\"\" class=\"caption\" title=\"Entel Catalunya participa en la Liga de F\u00fatbol 7 Corporate Cup\" \/><\/p>\n<div class=\"post_wp\">Con la llegada del buen tiempo dan comienzo las citas deportivas entre empresas.<\/p>\n<p>En Entel ya somos veteranos en participar en las competiciones deportivas y nuestros resultados son cada a\u00f1o mejores.\u00a0 <strong>Entel Catalunya<\/strong> abre este a\u00f1o la temporada participando en la <strong>Liga de F\u00fatbol 7<\/strong>, un encuentro organizado por <em>Corporate Sports <\/em>que enfrenta a equipos formados por profesionales de diferentes empresas de Barcelona.<\/p>\n<p>Los encuentros se est\u00e1n celebrando en una de las mejores instalaciones deportivas de Barcelona, inauguradas adem\u00e1s este a\u00f1o, la Ciutat Esportiva Vall D\u2019Hebron \u2013 Teixonera.<\/p>\n<p>Hasta un total de <strong>13 equipos<\/strong> participan en la liga, entre los que destacan, adem\u00e1s de Entel, <!--more Leer el resto de la entrada-->TVE, Openbravo, CapGemini, Promoesport&#8230;<\/p>\n<p>Los 12 integrantes del <strong>equipo de Entel Catalunya<\/strong> han defendido con ganas nuestros colores, ganando casi todos los partidos jugados.<\/p>\n<p><a target=\"_blank\" href=\"https:\/\/entelgy.com\/wp-content\/uploads\/2009\/06\/ente-catalunya-futbol-blog.jpg\" rel=\"noopener\"><img fetchpriority=\"high\" decoding=\"async\" class=\"alignright size-full wp-image-1321\" title=\"Entel Catalunya F\u00fatbol\" src=\"https:\/\/entelgy.com\/wp-content\/uploads\/2009\/06\/ente-catalunya-futbol-blog.jpg\" alt=\"Entel Catalunya F\u00fatbol\" width=\"448\" height=\"252\" \/><\/a><\/p>\n<p>Felicidades<strong> Carlos, Eric, Ra\u00fal, Cristian, Francesc, Jos\u00e9, Jaume, Miguel \u00c1ngel, Jordi, Miguel, Sergio y Robert<\/strong>, y mucha suerte en los pr\u00f3ximos partidos!<\/p>\n<p>Pr\u00f3ximamente tendr\u00e1 lugar en Bilbao el torneo de F\u00fatbol 7 con la participaci\u00f3n de Entel Ibai y\u00a0 en Madrid los Juegos de las Empresas.<\/p>\n<p>Os iremos contando.<\/p><\/div>\n<p><!--more--><\/p>\n<div class=\"post_wp\">Con la llegada del buen tiempo dan comienzo las citas deportivas entre empresas.<\/p>\n<p>En Entel ya somos veteranos en participar en las competiciones deportivas y nuestros resultados son cada a\u00f1o mejores.\u00a0 <strong>Entel Catalunya<\/strong> abre este a\u00f1o la temporada participando en la <strong>Liga de F\u00fatbol 7<\/strong>, un encuentro organizado por <em>Corporate Sports <\/em>que enfrenta a equipos formados por profesionales de diferentes empresas de Barcelona.<\/p>\n<p>Los encuentros se est\u00e1n celebrando en una de las mejores instalaciones deportivas de Barcelona, inauguradas adem\u00e1s este a\u00f1o, la Ciutat Esportiva Vall D\u2019Hebron \u2013 Teixonera.<\/p>\n<p>Hasta un total de <strong>13 equipos<\/strong> participan en la liga, entre los que destacan, adem\u00e1s de Entel, <!--more Leer el resto de la entrada-->TVE, Openbravo, CapGemini, Promoesport&#8230;<\/p>\n<p>Los 12 integrantes del <strong>equipo de Entel Catalunya<\/strong> han defendido con ganas nuestros colores, ganando casi todos los partidos jugados.<\/p>\n<p><a target=\"_blank\" href=\"https:\/\/entelgy.com\/wp-content\/uploads\/2009\/06\/ente-catalunya-futbol-blog.jpg\" rel=\"noopener\"><img fetchpriority=\"high\" decoding=\"async\" class=\"alignright size-full wp-image-1321\" title=\"Entel Catalunya F\u00fatbol\" src=\"https:\/\/entelgy.com\/wp-content\/uploads\/2009\/06\/ente-catalunya-futbol-blog.jpg\" alt=\"Entel Catalunya F\u00fatbol\" width=\"448\" height=\"252\" \/><\/a><\/p>\n<p>Felicidades<strong> Carlos, Eric, Ra\u00fal, Cristian, Francesc, Jos\u00e9, Jaume, Miguel \u00c1ngel, Jordi, Miguel, Sergio y Robert<\/strong>, y mucha suerte en los pr\u00f3ximos partidos!<\/p>\n<p>Pr\u00f3ximamente tendr\u00e1 lugar en Bilbao el torneo de F\u00fatbol 7 con la participaci\u00f3n de Entel Ibai y\u00a0 en Madrid los Juegos de las Empresas.<\/p>\n<p>Os iremos contando.<\/p><\/div>\n","protected":false},"excerpt":{"rendered":"<p>Con la llegada del buen tiempo dan comienzo las citas deportivas entre empresas. En Entel ya somos veteranos en participar [&hellip;]<\/p>\n","protected":false},"author":4,"featured_media":0,"comment_status":"closed","ping_status":"","sticky":false,"template":"","format":"standard","meta":{"_acf_changed":false,"rank_math_lock_modified_date":false,"site-sidebar-layout":"default","site-content-layout":"","ast-site-content-layout":"","site-content-style":"default","site-sidebar-style":"default","ast-global-header-display":"","ast-banner-title-visibility":"","ast-main-header-display":"","ast-hfb-above-header-display":"","ast-hfb-below-header-display":"","ast-hfb-mobile-header-display":"","site-post-title":"","ast-breadcrumbs-content":"","ast-featured-img":"","footer-sml-layout":"","theme-transparent-header-meta":"","adv-header-id-meta":"","stick-header-meta":"","header-above-stick-meta":"","header-main-stick-meta":"","header-below-stick-meta":"","astra-migrate-meta-layouts":"default","ast-page-background-enabled":"default","ast-page-background-meta":{"desktop":{"background-color":"var(--ast-global-color-4)","background-image":"","background-repeat":"repeat","background-position":"center center","background-size":"auto","background-attachment":"scroll","background-type":"","background-media":"","overlay-type":"","overlay-color":"","overlay-opacity":"","overlay-gradient":""},"tablet":{"background-color":"","background-image":"","background-repeat":"repeat","background-position":"center center","background-size":"auto","background-attachment":"scroll","background-type":"","background-media":"","overlay-type":"","overlay-color":"","overlay-opacity":"","overlay-gradient":""},"mobile":{"background-color":"","background-image":"","background-repeat":"repeat","background-position":"center center","background-size":"auto","background-attachment":"scroll","background-type":"","background-media":"","overlay-type":"","overlay-color":"","overlay-opacity":"","overlay-gradient":""}},"ast-content-background-meta":{"desktop":{"background-color":"var(--ast-global-color-5)","background-image":"","background-repeat":"repeat","background-position":"center center","background-size":"auto","background-attachment":"scroll","background-type":"","background-media":"","overlay-type":"","overlay-color":"","overlay-opacity":"","overlay-gradient":""},"tablet":{"background-color":"var(--ast-global-color-5)","background-image":"","background-repeat":"repeat","background-position":"center center","background-size":"auto","background-attachment":"scroll","background-type":"","background-media":"","overlay-type":"","overlay-color":"","overlay-opacity":"","overlay-gradient":""},"mobile":{"background-color":"var(--ast-global-color-5)","background-image":"","background-repeat":"repeat","background-position":"center center","background-size":"auto","background-attachment":"scroll","background-type":"","background-media":"","overlay-type":"","overlay-color":"","overlay-opacity":"","overlay-gradient":""}},"footnotes":""},"categories":[40,4685],"tags":[4695],"class_list":["post-29049","post","type-post","status-publish","format-standard","hentry","category-actualidad-es","category-resumen-de-eventos-en-es-es","tag-talento-entelgy-es"],"acf":[],"_links":{"self":[{"href":"https:\/\/entelgy.com\/pt-br\/wp-json\/wp\/v2\/posts\/29049","targetHints":{"allow":["GET"]}}],"collection":[{"href":"https:\/\/entelgy.com\/pt-br\/wp-json\/wp\/v2\/posts"}],"about":[{"href":"https:\/\/entelgy.com\/pt-br\/wp-json\/wp\/v2\/types\/post"}],"author":[{"embeddable":true,"href":"https:\/\/entelgy.com\/pt-br\/wp-json\/wp\/v2\/users\/4"}],"replies":[{"embeddable":true,"href":"https:\/\/entelgy.com\/pt-br\/wp-json\/wp\/v2\/comments?post=29049"}],"version-history":[{"count":0,"href":"https:\/\/entelgy.com\/pt-br\/wp-json\/wp\/v2\/posts\/29049\/revisions"}],"wp:attachment":[{"href":"https:\/\/entelgy.com\/pt-br\/wp-json\/wp\/v2\/media?parent=29049"}],"wp:term":[{"taxonomy":"category","embeddable":true,"href":"https:\/\/entelgy.com\/pt-br\/wp-json\/wp\/v2\/categories?post=29049"},{"taxonomy":"post_tag","embeddable":true,"href":"https:\/\/entelgy.com\/pt-br\/wp-json\/wp\/v2\/tags?post=29049"}],"curies":[{"name":"wp","href":"https:\/\/api.w.org\/{rel}","templated":true}]}}