{"id":28353,"date":"2012-10-29T23:00:00","date_gmt":"2012-10-29T22:00:00","guid":{"rendered":"https:\/\/entelgy.com\/6-entradas-para-concierto-benefico-2\/"},"modified":"2024-11-06T23:50:54","modified_gmt":"2024-11-06T22:50:54","slug":"6-entradas-para-concierto-benefico-2","status":"publish","type":"post","link":"https:\/\/entelgy.com\/pt-br\/sin-categoria\/6-entradas-para-concierto-benefico-2\/","title":{"rendered":"6 entradas para concierto ben\u00e9fico"},"content":{"rendered":"<div class=\"post_wp\">\n<p ><span ><strong>S\u00f3lo para profesionales Entelgy<\/strong><\/span><\/p>\n<p ><strong><span >Entelgy<\/span><\/strong><strong><span > sortea 6 entradas<\/span><\/strong> para un Concierto en Madrid.<\/p>\n<p >Nuestro cliente <strong>Wolters Kluwer<\/strong> nos ha comunicado esta iniciativa solidaria a la que nos sumamos:<\/p>\n<p  align=\"center\"><strong><a target=\"_blank\" href=\"https:\/\/entelgy.com\/wp-content\/uploads\/2012\/10\/Concierto.png\" rel=\"noopener\"><img decoding=\"async\" class=\"alignright size-full wp-image-8332\" title=\"Concierto\" alt=\"\" src=\"https:\/\/entelgy.com\/wp-content\/uploads\/2012\/10\/Concierto.png\" width=\"204\" height=\"149\" \/><\/a>Concierto participativo<\/strong> interpretado por empleados de<strong> Wolters Kluwer <\/strong>y la<strong> ORCAM<\/strong><\/p>\n<p  align=\"center\">Auditorio Nacional de M\u00fasica de Madrid, Sala Sinf\u00f3nica. S\u00e1bado 10 de noviembre de 2012, 22:30 horas. <strong><em>Requiem <\/em><\/strong><strong>de Faur\u00e9, <\/strong><strong><em>Pavane de Faur\u00e9, <\/em><\/strong><strong>Selecci\u00f3n de <em>El Amor Brujo<\/em> de Falla.<\/strong><\/p>\n<p  align=\"center\">Profesionales de WK y AENOR, acompa\u00f1ados por m\u00fasicos profesionales y escolan\u00edas (Coro de Ni\u00f1os de la Sierra de Madrid y Coro Infantil \u00abHarmon\u00eda Pueri\u00bb), ofrecer\u00e1n un <strong>concierto ben\u00e9fico a favor de la la <\/strong><a href=\"http:\/\/www.fundacionbalia.org\/\" target=\"_blank\" rel=\"noopener\"><strong>Fundaci\u00f3n Balia<\/strong><\/a>, ONG que lucha por combatir la exclusi\u00f3n social de j\u00f3venes y ni\u00f1os en barrios de Madrid.<\/p>\n<p  align=\"center\"><span ><strong>En Entelgy hemos adquirido ya 3 entradas dobles<\/strong><\/span> que queremos sortear entre todos los profesionales del grupo que est\u00e9n interesados en asistir.<\/p>\n<p ><span ><strong>3 entradas dobles te est\u00e1n esperando<\/strong><strong><\/strong><\/span><\/p>\n<p><strong>Para participar, <!--more Leer el resto de la entrada-->env\u00edanos un correo a <a href=\"mailto:marketing@entelgy.com\" target=\"_blank\" rel=\"noopener\">marketing@entelgy.com<\/a><\/strong> indic\u00e1ndonos tu nombre, apellidos, empresa del grupo y n\u00famero de empleado <strong>antes del martes 6 de noviembre.<\/strong><\/p>\n<p>Entre todos los participantes haremos un sorteo aleatorio el mi\u00e9rcoles 7 y 3 agraciados dispondr\u00e1n de 2 entradas cada uno para poder asistir a esta cita.<\/p>\n<p><strong>Si adem\u00e1s alguno estuviera interesado en adquirir directamente localidades, puede hacerlo en <\/strong><a href=\"http:\/\/www.entradasinaem.es \" target=\"_blank\" rel=\"noopener\">www.entradasinaem.es <\/a>(seleccionar \u00abSala Sinf\u00f3nica\u00bb y despu\u00e9s \u00abConcierto participativo\u00bb). Tambi\u00e9n pueden comprarse en el tel\u00e9fono 902 22 49 49 \u00f3 en el propio auditorio. <strong><\/strong><\/p>\n<p>Este mismo concierto se repite tambi\u00e9n en Valladolid el 24 de noviembre a las 19:00 en la Sala Sinf\u00f3nica del Auditorio Miguel Delibes. El link es el siguiente:\u00a0<a href=\"http:\/\/shop.secutix.com\/CCMD\/1\/display\/SelectionPage?product_id=320220096&amp;perf_id=320141621\" target=\"_blank\" rel=\"noopener\"> http:\/\/shop.secutix.com\/CCMD\/1\/display\/SelectionPage?product_id=320220096&amp;perf_id=320141621<\/a>).<\/p>\n<p><strong>Lo que nos cuenta WKE sobre esta iniciativa<\/strong><\/p>\n<blockquote><p>Un a\u00f1o m\u00e1s seguimos contagiando sonrisas. Hasta 200 empleados de distintos coros y empresas se subir\u00e1n en noviembre al escenario para colaborar de forma altruista con la <a href=\"http:\/\/www.fundacionbalia.org\/\" target=\"_blank\" rel=\"noopener\">Fundaci\u00f3n Balia<\/a>.<\/p>\n<p>La cita ser\u00e1 doble: por un lado en la Sala Sinf\u00f3nica del Auditorio Nacional de M\u00fasica (Madrid, d\u00eda 10 de noviembre de 2012, 22:30 h.); por otro en el Auditorio de Valladolid del Centro Cultural Miguel Delibes (d\u00eda 24 de noviembre, 19:00 h.).<\/p>\n<p>La Fundaci\u00f3n Wolters Kluwer Espa\u00f1a, junto con la Madrid Sinfonietta Orchestra y el Coro de la Universidad de Valladolid, est\u00e1 organizando dos conciertos ben\u00e9ficos en los que parte de la masa coral ser\u00e1n empleados de Wolters Kluwer y AENOR, acompa\u00f1ados por m\u00fasicos profesionales y escolan\u00edas (Coro de Ni\u00f1os de la Sierra de Madrid y Coro Infantil \u00abHarmon\u00eda Pueri\u00bb).<\/p>\n<p>En 2009 organizamos un concierto solidario participativo en el Auditorio Nacional.La OrquestaSinf\u00f3nicadela Comunidadde Madrid, dirigida por Jos\u00e9 Ram\u00f3n Encinar, se encarg\u00f3 de poner calidad. El entusiasmo lo puso un coro formado por 160 empleados que jam\u00e1s se hab\u00edan plantado ante una partitura\u2026 ni ante dos mil espectadores.<\/p>\n<p>Aquello fue tan especial que el Coro de Empleados se ha mantenido y sigue dando conciertos ben\u00e9ficos, ahora ya bajo la direcci\u00f3n art\u00edstica del maestro que desde el principio tuvo fe en la idea: Marcos Cast\u00e1n, un magn\u00edfico preparador de coros que adem\u00e1s es int\u00e9rprete, compositor y, sobre todo, un excelente pedagogo musical.<\/p>\n<p>Una experiencia gratificante como aquella no pod\u00edamos guard\u00e1rnosla. Por eso invitamos a otros a unirse, juntar voces, y preparar un gran concierto bajo las \u00f3rdenes de Marcos Cast\u00e1n, acompa\u00f1ados del coro de la Universidad de Valladolid, uno de los m\u00e1s renombrados de su \u00e1mbito en el panorama nacional, y la Madrid Sinfonietta Orchestra (MSO), dirigida por Manuel T\u00e9var y que integra 55 j\u00f3venes m\u00fasicos que trabajan repertorios desde la exigencia.<\/p>\n<p><strong>Notas sobre el programa<\/strong><\/p>\n<p>El eje principal de ambos conciertos ser\u00e1 el <em>Requiem<\/em> de Faur\u00e9, junto con la <em>Pavane<\/em> del mismo autor, complementados con otra parte instrumental (selecci\u00f3n de <em>El Amor Brujo<\/em>, de Falla), configurando un programa que combina duende y rigor, apto para todos los o\u00eddos.<\/p>\n<p><em>R\u00e9quiem en Re menor<\/em> compuesto por Gabriel Faur\u00e9, es quiz\u00e1 una de las m\u00e1s hermosas piezas escritas para coro y orquesta en el Romanticismo, donde la tem\u00e1tica luctuosa no impide una emotividad serena. El propio autor lo manifest\u00f3 as\u00ed: \u00abSe dice que mi <em>Requiem<\/em> no expresa el miedo a la muerte, y hay quien lo considera un arrullo. [\u2026] He querido escapar del pensamiento habitual: despu\u00e9s de tantos a\u00f1os acompa\u00f1ando servicios f\u00fanebres al \u00f3rgano, quise escribir algo diferente\u00bb.<\/p><\/blockquote>\n<\/div>\n<p><!--more--><\/p>\n<div class=\"post_wp\">\n<p ><span ><strong>S\u00f3lo para profesionales Entelgy<\/strong><\/span><\/p>\n<p ><strong><span >Entelgy<\/span><\/strong><strong><span > sortea 6 entradas<\/span><\/strong> para un Concierto en Madrid.<\/p>\n<p >Nuestro cliente <strong>Wolters Kluwer<\/strong> nos ha comunicado esta iniciativa solidaria a la que nos sumamos:<\/p>\n<p  align=\"center\"><strong><a target=\"_blank\" href=\"https:\/\/entelgy.com\/wp-content\/uploads\/2012\/10\/Concierto.png\" rel=\"noopener\"><img decoding=\"async\" class=\"alignright size-full wp-image-8332\" title=\"Concierto\" alt=\"\" src=\"https:\/\/entelgy.com\/wp-content\/uploads\/2012\/10\/Concierto.png\" width=\"204\" height=\"149\" \/><\/a>Concierto participativo<\/strong> interpretado por empleados de<strong> Wolters Kluwer <\/strong>y la<strong> ORCAM<\/strong><\/p>\n<p  align=\"center\">Auditorio Nacional de M\u00fasica de Madrid, Sala Sinf\u00f3nica. S\u00e1bado 10 de noviembre de 2012, 22:30 horas. <strong><em>Requiem <\/em><\/strong><strong>de Faur\u00e9, <\/strong><strong><em>Pavane de Faur\u00e9, <\/em><\/strong><strong>Selecci\u00f3n de <em>El Amor Brujo<\/em> de Falla.<\/strong><\/p>\n<p  align=\"center\">Profesionales de WK y AENOR, acompa\u00f1ados por m\u00fasicos profesionales y escolan\u00edas (Coro de Ni\u00f1os de la Sierra de Madrid y Coro Infantil \u00abHarmon\u00eda Pueri\u00bb), ofrecer\u00e1n un <strong>concierto ben\u00e9fico a favor de la la <\/strong><a href=\"http:\/\/www.fundacionbalia.org\/\" target=\"_blank\" rel=\"noopener\"><strong>Fundaci\u00f3n Balia<\/strong><\/a>, ONG que lucha por combatir la exclusi\u00f3n social de j\u00f3venes y ni\u00f1os en barrios de Madrid.<\/p>\n<p  align=\"center\"><span ><strong>En Entelgy hemos adquirido ya 3 entradas dobles<\/strong><\/span> que queremos sortear entre todos los profesionales del grupo que est\u00e9n interesados en asistir.<\/p>\n<p ><span ><strong>3 entradas dobles te est\u00e1n esperando<\/strong><strong><\/strong><\/span><\/p>\n<p><strong>Para participar, <!--more Leer el resto de la entrada-->env\u00edanos un correo a <a href=\"mailto:marketing@entelgy.com\" target=\"_blank\" rel=\"noopener\">marketing@entelgy.com<\/a><\/strong> indic\u00e1ndonos tu nombre, apellidos, empresa del grupo y n\u00famero de empleado <strong>antes del martes 6 de noviembre.<\/strong><\/p>\n<p>Entre todos los participantes haremos un sorteo aleatorio el mi\u00e9rcoles 7 y 3 agraciados dispondr\u00e1n de 2 entradas cada uno para poder asistir a esta cita.<\/p>\n<p><strong>Si adem\u00e1s alguno estuviera interesado en adquirir directamente localidades, puede hacerlo en <\/strong><a href=\"http:\/\/www.entradasinaem.es \" target=\"_blank\" rel=\"noopener\">www.entradasinaem.es <\/a>(seleccionar \u00abSala Sinf\u00f3nica\u00bb y despu\u00e9s \u00abConcierto participativo\u00bb). Tambi\u00e9n pueden comprarse en el tel\u00e9fono 902 22 49 49 \u00f3 en el propio auditorio. <strong><\/strong><\/p>\n<p>Este mismo concierto se repite tambi\u00e9n en Valladolid el 24 de noviembre a las 19:00 en la Sala Sinf\u00f3nica del Auditorio Miguel Delibes. El link es el siguiente:\u00a0<a href=\"http:\/\/shop.secutix.com\/CCMD\/1\/display\/SelectionPage?product_id=320220096&amp;perf_id=320141621\" target=\"_blank\" rel=\"noopener\"> http:\/\/shop.secutix.com\/CCMD\/1\/display\/SelectionPage?product_id=320220096&amp;perf_id=320141621<\/a>).<\/p>\n<p><strong>Lo que nos cuenta WKE sobre esta iniciativa<\/strong><\/p>\n<blockquote><p>Un a\u00f1o m\u00e1s seguimos contagiando sonrisas. Hasta 200 empleados de distintos coros y empresas se subir\u00e1n en noviembre al escenario para colaborar de forma altruista con la <a href=\"http:\/\/www.fundacionbalia.org\/\" target=\"_blank\" rel=\"noopener\">Fundaci\u00f3n Balia<\/a>.<\/p>\n<p>La cita ser\u00e1 doble: por un lado en la Sala Sinf\u00f3nica del Auditorio Nacional de M\u00fasica (Madrid, d\u00eda 10 de noviembre de 2012, 22:30 h.); por otro en el Auditorio de Valladolid del Centro Cultural Miguel Delibes (d\u00eda 24 de noviembre, 19:00 h.).<\/p>\n<p>La Fundaci\u00f3n Wolters Kluwer Espa\u00f1a, junto con la Madrid Sinfonietta Orchestra y el Coro de la Universidad de Valladolid, est\u00e1 organizando dos conciertos ben\u00e9ficos en los que parte de la masa coral ser\u00e1n empleados de Wolters Kluwer y AENOR, acompa\u00f1ados por m\u00fasicos profesionales y escolan\u00edas (Coro de Ni\u00f1os de la Sierra de Madrid y Coro Infantil \u00abHarmon\u00eda Pueri\u00bb).<\/p>\n<p>En 2009 organizamos un concierto solidario participativo en el Auditorio Nacional.La OrquestaSinf\u00f3nicadela Comunidadde Madrid, dirigida por Jos\u00e9 Ram\u00f3n Encinar, se encarg\u00f3 de poner calidad. El entusiasmo lo puso un coro formado por 160 empleados que jam\u00e1s se hab\u00edan plantado ante una partitura\u2026 ni ante dos mil espectadores.<\/p>\n<p>Aquello fue tan especial que el Coro de Empleados se ha mantenido y sigue dando conciertos ben\u00e9ficos, ahora ya bajo la direcci\u00f3n art\u00edstica del maestro que desde el principio tuvo fe en la idea: Marcos Cast\u00e1n, un magn\u00edfico preparador de coros que adem\u00e1s es int\u00e9rprete, compositor y, sobre todo, un excelente pedagogo musical.<\/p>\n<p>Una experiencia gratificante como aquella no pod\u00edamos guard\u00e1rnosla. Por eso invitamos a otros a unirse, juntar voces, y preparar un gran concierto bajo las \u00f3rdenes de Marcos Cast\u00e1n, acompa\u00f1ados del coro de la Universidad de Valladolid, uno de los m\u00e1s renombrados de su \u00e1mbito en el panorama nacional, y la Madrid Sinfonietta Orchestra (MSO), dirigida por Manuel T\u00e9var y que integra 55 j\u00f3venes m\u00fasicos que trabajan repertorios desde la exigencia.<\/p>\n<p><strong>Notas sobre el programa<\/strong><\/p>\n<p>El eje principal de ambos conciertos ser\u00e1 el <em>Requiem<\/em> de Faur\u00e9, junto con la <em>Pavane<\/em> del mismo autor, complementados con otra parte instrumental (selecci\u00f3n de <em>El Amor Brujo<\/em>, de Falla), configurando un programa que combina duende y rigor, apto para todos los o\u00eddos.<\/p>\n<p><em>R\u00e9quiem en Re menor<\/em> compuesto por Gabriel Faur\u00e9, es quiz\u00e1 una de las m\u00e1s hermosas piezas escritas para coro y orquesta en el Romanticismo, donde la tem\u00e1tica luctuosa no impide una emotividad serena. El propio autor lo manifest\u00f3 as\u00ed: \u00abSe dice que mi <em>Requiem<\/em> no expresa el miedo a la muerte, y hay quien lo considera un arrullo. [\u2026] He querido escapar del pensamiento habitual: despu\u00e9s de tantos a\u00f1os acompa\u00f1ando servicios f\u00fanebres al \u00f3rgano, quise escribir algo diferente\u00bb.<\/p><\/blockquote>\n<\/div>\n","protected":false},"excerpt":{"rendered":"<p>S\u00f3lo para profesionales Entelgy Entelgy sortea 6 entradas para un Concierto en Madrid. Nuestro cliente Wolters Kluwer nos ha comunicado [&hellip;]<\/p>\n","protected":false},"author":4,"featured_media":28352,"comment_status":"closed","ping_status":"","sticky":false,"template":"","format":"standard","meta":{"_acf_changed":false,"rank_math_lock_modified_date":false,"site-sidebar-layout":"default","site-content-layout":"","ast-site-content-layout":"","site-content-style":"default","site-sidebar-style":"default","ast-global-header-display":"","ast-banner-title-visibility":"","ast-main-header-display":"","ast-hfb-above-header-display":"","ast-hfb-below-header-display":"","ast-hfb-mobile-header-display":"","site-post-title":"","ast-breadcrumbs-content":"","ast-featured-img":"","footer-sml-layout":"","theme-transparent-header-meta":"","adv-header-id-meta":"","stick-header-meta":"","header-above-stick-meta":"","header-main-stick-meta":"","header-below-stick-meta":"","astra-migrate-meta-layouts":"default","ast-page-background-enabled":"default","ast-page-background-meta":{"desktop":{"background-color":"var(--ast-global-color-4)","background-image":"","background-repeat":"repeat","background-position":"center center","background-size":"auto","background-attachment":"scroll","background-type":"","background-media":"","overlay-type":"","overlay-color":"","overlay-opacity":"","overlay-gradient":""},"tablet":{"background-color":"","background-image":"","background-repeat":"repeat","background-position":"center center","background-size":"auto","background-attachment":"scroll","background-type":"","background-media":"","overlay-type":"","overlay-color":"","overlay-opacity":"","overlay-gradient":""},"mobile":{"background-color":"","background-image":"","background-repeat":"repeat","background-position":"center center","background-size":"auto","background-attachment":"scroll","background-type":"","background-media":"","overlay-type":"","overlay-color":"","overlay-opacity":"","overlay-gradient":""}},"ast-content-background-meta":{"desktop":{"background-color":"var(--ast-global-color-5)","background-image":"","background-repeat":"repeat","background-position":"center center","background-size":"auto","background-attachment":"scroll","background-type":"","background-media":"","overlay-type":"","overlay-color":"","overlay-opacity":"","overlay-gradient":""},"tablet":{"background-color":"var(--ast-global-color-5)","background-image":"","background-repeat":"repeat","background-position":"center center","background-size":"auto","background-attachment":"scroll","background-type":"","background-media":"","overlay-type":"","overlay-color":"","overlay-opacity":"","overlay-gradient":""},"mobile":{"background-color":"var(--ast-global-color-5)","background-image":"","background-repeat":"repeat","background-position":"center center","background-size":"auto","background-attachment":"scroll","background-type":"","background-media":"","overlay-type":"","overlay-color":"","overlay-opacity":"","overlay-gradient":""}},"footnotes":""},"categories":[21],"tags":[4687],"class_list":["post-28353","post","type-post","status-publish","format-standard","has-post-thumbnail","hentry","category-sin-categoria","tag-entelgy-es"],"acf":[],"_links":{"self":[{"href":"https:\/\/entelgy.com\/pt-br\/wp-json\/wp\/v2\/posts\/28353","targetHints":{"allow":["GET"]}}],"collection":[{"href":"https:\/\/entelgy.com\/pt-br\/wp-json\/wp\/v2\/posts"}],"about":[{"href":"https:\/\/entelgy.com\/pt-br\/wp-json\/wp\/v2\/types\/post"}],"author":[{"embeddable":true,"href":"https:\/\/entelgy.com\/pt-br\/wp-json\/wp\/v2\/users\/4"}],"replies":[{"embeddable":true,"href":"https:\/\/entelgy.com\/pt-br\/wp-json\/wp\/v2\/comments?post=28353"}],"version-history":[{"count":0,"href":"https:\/\/entelgy.com\/pt-br\/wp-json\/wp\/v2\/posts\/28353\/revisions"}],"wp:featuredmedia":[{"embeddable":true,"href":"https:\/\/entelgy.com\/pt-br\/wp-json\/wp\/v2\/media\/28352"}],"wp:attachment":[{"href":"https:\/\/entelgy.com\/pt-br\/wp-json\/wp\/v2\/media?parent=28353"}],"wp:term":[{"taxonomy":"category","embeddable":true,"href":"https:\/\/entelgy.com\/pt-br\/wp-json\/wp\/v2\/categories?post=28353"},{"taxonomy":"post_tag","embeddable":true,"href":"https:\/\/entelgy.com\/pt-br\/wp-json\/wp\/v2\/tags?post=28353"}],"curies":[{"name":"wp","href":"https:\/\/api.w.org\/{rel}","templated":true}]}}