{"id":28171,"date":"2013-06-25T22:00:00","date_gmt":"2013-06-25T20:00:00","guid":{"rendered":"https:\/\/entelgy.com\/entelgy-10-anos-ganador-de-nuestro-concurso\/"},"modified":"2024-11-06T23:50:16","modified_gmt":"2024-11-06T22:50:16","slug":"entelgy-10-anos-ganador-de-nuestro-concurso","status":"publish","type":"post","link":"https:\/\/entelgy.com\/pt-br\/sin-categoria\/entelgy-10-anos-ganador-de-nuestro-concurso\/","title":{"rendered":"Entelgy 10 a\u00f1os, ganador de nuestro concurso"},"content":{"rendered":"<div class=\"post_wp\">\n<p >Despu\u00e9s de las deliberaciones del jurado, ya tenemos <span ><strong>ganador del concurso<\/strong> \u201cDise\u00f1a el logo conmemorativo de los diez a\u00f1os de Entelgy\u201d<\/span>.<\/p>\n<p><a target=\"_blank\" href=\"\/media\/k2\/items\/src\/Entelgy\/2013\/06\/Jes\u00fas-Novella-Ganador-Concurso-Logo-10\u00ba-Aniversario-Entelgy1.jpg\" rel=\"noopener\"><img fetchpriority=\"high\" decoding=\"async\" class=\" wp-image-9991 \" title=\"Jes\u00fas Novella - Ganador Concurso Logo 10\u00ba Aniversario Entelgy\" src=\"\/media\/k2\/items\/src\/Entelgy\/2013\/06\/Jes\u00fas-Novella-Ganador-Concurso-Logo-10\u00ba-Aniversario-Entelgy1.jpg\" alt=\"Jes\u00fas Novella - Ganador Concurso Logo 10\u00ba Aniversario Entelgy\" width=\"448\" height=\"282\" \/><\/a> <br \/><span >Jes\u00fas Novella &#8211; Ganador del Concurso Logo 10\u00ba Aniversario Entelgy<\/span>[\/caption]<\/p>\n<p ><strong>Jes\u00fas Novella<\/strong>, compa\u00f1ero de <strong><span >Entelgy<\/span> <span >Brasil<\/span><\/strong>, ha sido el afortunado. Nos ha comentado que el concurso le ha parecido una estupenda iniciativa.<\/p>\n<p ><span >\u201c<\/span><em><span >Desde que me enter\u00e9 v\u00eda email de la existencia de este concurso no par\u00e9 de dar vueltas a las ideas que iban surgiendo. En el metro camino a casa aprovechaba para esbozar todas esas ideas, hasta que me decid\u00ed por el 10 con la bola del mundo\u201d<\/span>,<\/em> dice Jes\u00fas.<\/p>\n<p >Jes\u00fas ha acompa\u00f1ado su propuesta con un <span ><strong>v\u00eddeo<\/strong> <strong>mostrando c\u00f3mo lo ha realizado<\/strong><\/span>. Puedes verlo en este enlace:<\/p>\n<p >[jwplayer player=&#8221;11&#8243; mediaid=&#8221;10135&#8243;]<\/p>\n<p >Este joven espa\u00f1ol aterriz\u00f3 en Brasil <!--more Leer el resto de la entrada-->a principios de 2011 y fue ese mismo a\u00f1o cuando conoci\u00f3 a Paco Bautista, Director Corporativo de LATAM<em>. <\/em>Un a\u00f1o despu\u00e9s, Jes\u00fas se incorporaba al<em> e<\/em>quipo de <strong><span >Entelgy<\/span> <span >Brasil<\/span><\/strong> a trav\u00e9s de un proyecto web para el Gobierno del Estado de S\u00e3o Paulo.<\/p>\n<p ><span ><em>\u201cDesde entonces, Entelgy me ha permitido crecer profesionalmente y seguir en contacto con Espa\u00f1a. Me siento muy orgulloso y agradecido por formar parte de Entelgy y del proceso de expansi\u00f3n internacional que est\u00e1 viviendo la compa\u00f1\u00eda\u201d<\/em><\/span>.<\/p>\n<p >La expansi\u00f3n mundial que estamos viviendo, coincidiendo con nuestro d\u00e9cimo aniversario, ha sido el punto de partida de inspiraci\u00f3n para Jes\u00fas.<!--more Leer el resto de la entrada--><\/p>\n<p ><span ><em>\u201cLos valores de Entelgy: innovaci\u00f3n y sobre todo, el compromiso con las personas del \u2018mundo Entelgy\u2019 (clientes, profesionales, etc.), la internacionalizaci\u00f3n y el n\u00famero diez me invitan a usar formas redondas, de ah\u00ed me lleg\u00f3 la idea del globo terr\u00e1queo\u201d<\/em><\/span>.<\/p>\n<p  align=\"center\"><span ><strong>Felicita\u00e7\u00f5es<\/strong><strong>, Jes\u00fas!<\/strong><\/span><\/p>\n<p >Desde <strong><span >Entelgy<\/span> <\/strong>agradecemos el entusiasmo y dedicaci\u00f3n que has puesto en tu dise\u00f1o.<\/p>\n<p >Y por supuesto, tambi\u00e9n queremos<span > <strong>felicitar y agradecer al resto de profesionales<\/strong><\/span> de todo el grupo <span >Entelgy<\/span> que han participado en esta iniciativa, un total de 44 propuestas.<\/p>\n<h3  align=\"center\">\u00a0<span ><strong>\u00a1GRACIAS A TODOS!<\/strong><\/span><\/h3>\n<p><a target=\"_blank\" href=\"\/media\/k2\/items\/src\/Entelgy\/2013\/06\/Logo-Ganador-Entelgy-10\u00ba-Aniversario.png\" rel=\"noopener\"><img decoding=\"async\" class=\"aligncenter wp-image-10000\" title=\"Logo Ganador Entelgy 10\u00ba Aniversario\" src=\"\/media\/k2\/items\/src\/Entelgy\/2013\/06\/Logo-Ganador-Entelgy-10\u00ba-Aniversario.png\" alt=\"Logo Ganador Entelgy 10\u00ba Aniversario\" width=\"448\" height=\"160\" \/><\/a><\/p>\n<p>&nbsp;<\/p>\n<p >Otras noticias relacionadas:<\/p>\n<ul>\n<li><a title=\"Entelgy convoca un concurso entre sus empleados para elegir el logotipo conmemorativo del 10\u00ba Aniversario\" href=\"https:\/\/entelgy.com\/entelgy-convoca-un-concurso-entre-sus-empleados-para-elegir-el-logotipo-conmemorativo-del-10o-aniversario\/\" target=\"_blank\" rel=\"bookmark noopener\">Entelgy convoca un concurso entre sus empleados para elegir el logotipo conmemorativo del 10\u00ba Aniversario<\/a><\/li>\n<li><a title=\"Aun est\u00e1s a tiempo de participar en el concurso del logotipo conmemorativo del 10\u00ba aniversario de Entelgy\" href=\"https:\/\/entelgy.com\/aun-estas-a-tiempo-de-participar-en-el-concurso-del-logotipo-conmemorativo-del-10o-aniversario-de-entelgy\/\" target=\"_blank\" rel=\"bookmark noopener\">Aun est\u00e1s a tiempo de participar en el concurso del logotipo conmemorativo del 10\u00ba aniversario de Entelgy<\/a><\/li>\n<li><a title=\"Todas las propuestas para el Concurso \u201cDise\u00f1o de logotipo conmemorativo del 10\u00ba aniversario de Entelgy\u201d\" href=\"https:\/\/entelgy.com\/todas-las-propuestas-para-el-concurso-diseno-de-logotipo-conmemorativo-del-10o-aniversario-de-entelgy\/\" target=\"_blank\" rel=\"bookmark noopener\">Todas las propuestas para el Concurso \u201cDise\u00f1o de logotipo conmemorativo del 10\u00ba aniversario de Entelgy<\/a><\/li>\n<\/ul>\n<\/div>\n<p><!--more--><\/p>\n<div class=\"post_wp\">\n<p >Despu\u00e9s de las deliberaciones del jurado, ya tenemos <span ><strong>ganador del concurso<\/strong> \u201cDise\u00f1a el logo conmemorativo de los diez a\u00f1os de Entelgy\u201d<\/span>.<\/p>\n<p><a target=\"_blank\" href=\"\/media\/k2\/items\/src\/Entelgy\/2013\/06\/Jes\u00fas-Novella-Ganador-Concurso-Logo-10\u00ba-Aniversario-Entelgy1.jpg\" rel=\"noopener\"><img fetchpriority=\"high\" decoding=\"async\" class=\" wp-image-9991 \" title=\"Jes\u00fas Novella - Ganador Concurso Logo 10\u00ba Aniversario Entelgy\" src=\"\/media\/k2\/items\/src\/Entelgy\/2013\/06\/Jes\u00fas-Novella-Ganador-Concurso-Logo-10\u00ba-Aniversario-Entelgy1.jpg\" alt=\"Jes\u00fas Novella - Ganador Concurso Logo 10\u00ba Aniversario Entelgy\" width=\"448\" height=\"282\" \/><\/a> <br \/><span >Jes\u00fas Novella &#8211; Ganador del Concurso Logo 10\u00ba Aniversario Entelgy<\/span>[\/caption]<\/p>\n<p ><strong>Jes\u00fas Novella<\/strong>, compa\u00f1ero de <strong><span >Entelgy<\/span> <span >Brasil<\/span><\/strong>, ha sido el afortunado. Nos ha comentado que el concurso le ha parecido una estupenda iniciativa.<\/p>\n<p ><span >\u201c<\/span><em><span >Desde que me enter\u00e9 v\u00eda email de la existencia de este concurso no par\u00e9 de dar vueltas a las ideas que iban surgiendo. En el metro camino a casa aprovechaba para esbozar todas esas ideas, hasta que me decid\u00ed por el 10 con la bola del mundo\u201d<\/span>,<\/em> dice Jes\u00fas.<\/p>\n<p >Jes\u00fas ha acompa\u00f1ado su propuesta con un <span ><strong>v\u00eddeo<\/strong> <strong>mostrando c\u00f3mo lo ha realizado<\/strong><\/span>. Puedes verlo en este enlace:<\/p>\n<p >[jwplayer player=&#8221;11&#8243; mediaid=&#8221;10135&#8243;]<\/p>\n<p >Este joven espa\u00f1ol aterriz\u00f3 en Brasil <!--more Leer el resto de la entrada-->a principios de 2011 y fue ese mismo a\u00f1o cuando conoci\u00f3 a Paco Bautista, Director Corporativo de LATAM<em>. <\/em>Un a\u00f1o despu\u00e9s, Jes\u00fas se incorporaba al<em> e<\/em>quipo de <strong><span >Entelgy<\/span> <span >Brasil<\/span><\/strong> a trav\u00e9s de un proyecto web para el Gobierno del Estado de S\u00e3o Paulo.<\/p>\n<p ><span ><em>\u201cDesde entonces, Entelgy me ha permitido crecer profesionalmente y seguir en contacto con Espa\u00f1a. Me siento muy orgulloso y agradecido por formar parte de Entelgy y del proceso de expansi\u00f3n internacional que est\u00e1 viviendo la compa\u00f1\u00eda\u201d<\/em><\/span>.<\/p>\n<p >La expansi\u00f3n mundial que estamos viviendo, coincidiendo con nuestro d\u00e9cimo aniversario, ha sido el punto de partida de inspiraci\u00f3n para Jes\u00fas.<!--more Leer el resto de la entrada--><\/p>\n<p ><span ><em>\u201cLos valores de Entelgy: innovaci\u00f3n y sobre todo, el compromiso con las personas del \u2018mundo Entelgy\u2019 (clientes, profesionales, etc.), la internacionalizaci\u00f3n y el n\u00famero diez me invitan a usar formas redondas, de ah\u00ed me lleg\u00f3 la idea del globo terr\u00e1queo\u201d<\/em><\/span>.<\/p>\n<p  align=\"center\"><span ><strong>Felicita\u00e7\u00f5es<\/strong><strong>, Jes\u00fas!<\/strong><\/span><\/p>\n<p >Desde <strong><span >Entelgy<\/span> <\/strong>agradecemos el entusiasmo y dedicaci\u00f3n que has puesto en tu dise\u00f1o.<\/p>\n<p >Y por supuesto, tambi\u00e9n queremos<span > <strong>felicitar y agradecer al resto de profesionales<\/strong><\/span> de todo el grupo <span >Entelgy<\/span> que han participado en esta iniciativa, un total de 44 propuestas.<\/p>\n<h3  align=\"center\">\u00a0<span ><strong>\u00a1GRACIAS A TODOS!<\/strong><\/span><\/h3>\n<p><a target=\"_blank\" href=\"\/media\/k2\/items\/src\/Entelgy\/2013\/06\/Logo-Ganador-Entelgy-10\u00ba-Aniversario.png\" rel=\"noopener\"><img decoding=\"async\" class=\"aligncenter wp-image-10000\" title=\"Logo Ganador Entelgy 10\u00ba Aniversario\" src=\"\/media\/k2\/items\/src\/Entelgy\/2013\/06\/Logo-Ganador-Entelgy-10\u00ba-Aniversario.png\" alt=\"Logo Ganador Entelgy 10\u00ba Aniversario\" width=\"448\" height=\"160\" \/><\/a><\/p>\n<p>&nbsp;<\/p>\n<p >Otras noticias relacionadas:<\/p>\n<ul>\n<li><a title=\"Entelgy convoca un concurso entre sus empleados para elegir el logotipo conmemorativo del 10\u00ba Aniversario\" href=\"https:\/\/entelgy.com\/entelgy-convoca-un-concurso-entre-sus-empleados-para-elegir-el-logotipo-conmemorativo-del-10o-aniversario\/\" target=\"_blank\" rel=\"bookmark noopener\">Entelgy convoca un concurso entre sus empleados para elegir el logotipo conmemorativo del 10\u00ba Aniversario<\/a><\/li>\n<li><a title=\"Aun est\u00e1s a tiempo de participar en el concurso del logotipo conmemorativo del 10\u00ba aniversario de Entelgy\" href=\"https:\/\/entelgy.com\/aun-estas-a-tiempo-de-participar-en-el-concurso-del-logotipo-conmemorativo-del-10o-aniversario-de-entelgy\/\" target=\"_blank\" rel=\"bookmark noopener\">Aun est\u00e1s a tiempo de participar en el concurso del logotipo conmemorativo del 10\u00ba aniversario de Entelgy<\/a><\/li>\n<li><a title=\"Todas las propuestas para el Concurso \u201cDise\u00f1o de logotipo conmemorativo del 10\u00ba aniversario de Entelgy\u201d\" href=\"https:\/\/entelgy.com\/todas-las-propuestas-para-el-concurso-diseno-de-logotipo-conmemorativo-del-10o-aniversario-de-entelgy\/\" target=\"_blank\" rel=\"bookmark noopener\">Todas las propuestas para el Concurso \u201cDise\u00f1o de logotipo conmemorativo del 10\u00ba aniversario de Entelgy<\/a><\/li>\n<\/ul>\n<\/div>\n","protected":false},"excerpt":{"rendered":"<p>Despu\u00e9s de las deliberaciones del jurado, ya tenemos ganador del concurso \u201cDise\u00f1a el logo conmemorativo de los diez a\u00f1os de [&hellip;]<\/p>\n","protected":false},"author":4,"featured_media":0,"comment_status":"closed","ping_status":"","sticky":false,"template":"","format":"standard","meta":{"_acf_changed":false,"rank_math_lock_modified_date":false,"site-sidebar-layout":"default","site-content-layout":"","ast-site-content-layout":"","site-content-style":"default","site-sidebar-style":"default","ast-global-header-display":"","ast-banner-title-visibility":"","ast-main-header-display":"","ast-hfb-above-header-display":"","ast-hfb-below-header-display":"","ast-hfb-mobile-header-display":"","site-post-title":"","ast-breadcrumbs-content":"","ast-featured-img":"","footer-sml-layout":"","theme-transparent-header-meta":"","adv-header-id-meta":"","stick-header-meta":"","header-above-stick-meta":"","header-main-stick-meta":"","header-below-stick-meta":"","astra-migrate-meta-layouts":"default","ast-page-background-enabled":"default","ast-page-background-meta":{"desktop":{"background-color":"var(--ast-global-color-4)","background-image":"","background-repeat":"repeat","background-position":"center center","background-size":"auto","background-attachment":"scroll","background-type":"","background-media":"","overlay-type":"","overlay-color":"","overlay-opacity":"","overlay-gradient":""},"tablet":{"background-color":"","background-image":"","background-repeat":"repeat","background-position":"center center","background-size":"auto","background-attachment":"scroll","background-type":"","background-media":"","overlay-type":"","overlay-color":"","overlay-opacity":"","overlay-gradient":""},"mobile":{"background-color":"","background-image":"","background-repeat":"repeat","background-position":"center center","background-size":"auto","background-attachment":"scroll","background-type":"","background-media":"","overlay-type":"","overlay-color":"","overlay-opacity":"","overlay-gradient":""}},"ast-content-background-meta":{"desktop":{"background-color":"var(--ast-global-color-5)","background-image":"","background-repeat":"repeat","background-position":"center center","background-size":"auto","background-attachment":"scroll","background-type":"","background-media":"","overlay-type":"","overlay-color":"","overlay-opacity":"","overlay-gradient":""},"tablet":{"background-color":"var(--ast-global-color-5)","background-image":"","background-repeat":"repeat","background-position":"center center","background-size":"auto","background-attachment":"scroll","background-type":"","background-media":"","overlay-type":"","overlay-color":"","overlay-opacity":"","overlay-gradient":""},"mobile":{"background-color":"var(--ast-global-color-5)","background-image":"","background-repeat":"repeat","background-position":"center center","background-size":"auto","background-attachment":"scroll","background-type":"","background-media":"","overlay-type":"","overlay-color":"","overlay-opacity":"","overlay-gradient":""}},"footnotes":""},"categories":[21],"tags":[4687,5215,4695],"class_list":["post-28171","post","type-post","status-publish","format-standard","hentry","category-sin-categoria","tag-entelgy-es","tag-innovacion-es","tag-talento-entelgy-es"],"acf":[],"_links":{"self":[{"href":"https:\/\/entelgy.com\/pt-br\/wp-json\/wp\/v2\/posts\/28171","targetHints":{"allow":["GET"]}}],"collection":[{"href":"https:\/\/entelgy.com\/pt-br\/wp-json\/wp\/v2\/posts"}],"about":[{"href":"https:\/\/entelgy.com\/pt-br\/wp-json\/wp\/v2\/types\/post"}],"author":[{"embeddable":true,"href":"https:\/\/entelgy.com\/pt-br\/wp-json\/wp\/v2\/users\/4"}],"replies":[{"embeddable":true,"href":"https:\/\/entelgy.com\/pt-br\/wp-json\/wp\/v2\/comments?post=28171"}],"version-history":[{"count":0,"href":"https:\/\/entelgy.com\/pt-br\/wp-json\/wp\/v2\/posts\/28171\/revisions"}],"wp:attachment":[{"href":"https:\/\/entelgy.com\/pt-br\/wp-json\/wp\/v2\/media?parent=28171"}],"wp:term":[{"taxonomy":"category","embeddable":true,"href":"https:\/\/entelgy.com\/pt-br\/wp-json\/wp\/v2\/categories?post=28171"},{"taxonomy":"post_tag","embeddable":true,"href":"https:\/\/entelgy.com\/pt-br\/wp-json\/wp\/v2\/tags?post=28171"}],"curies":[{"name":"wp","href":"https:\/\/api.w.org\/{rel}","templated":true}]}}