{"id":26859,"date":"2016-10-17T22:00:00","date_gmt":"2016-10-17T20:00:00","guid":{"rendered":"https:\/\/entelgy.com\/entelgy-por-el-mundo-ivan-jimenez\/"},"modified":"2024-11-06T23:42:57","modified_gmt":"2024-11-06T22:42:57","slug":"entelgy-por-el-mundo-ivan-jimenez","status":"publish","type":"post","link":"https:\/\/entelgy.com\/pt-br\/sin-categoria\/entelgy-por-el-mundo-ivan-jimenez\/","title":{"rendered":"Entelgy por el Mundo: Iv\u00e1n Jim\u00e9nez desde los dos lados del Atl\u00e1ntico"},"content":{"rendered":"<img fetchpriority=\"high\" decoding=\"async\" class=\" size-full wp-image-26858\" src=\"https:\/\/entelgy.com\/wp-content\/uploads\/2016\/10\/306ef680f8bd5325f4ee1377ce2326f3.jpg\" alt=\"\" class=\"caption\" title=\"Entelgy por el Mundo: Iv\u00e1n Jim\u00e9nez desde los dos lados del Atl\u00e1ntico\" width=\"317\" height=\"214\" srcset=\"https:\/\/entelgy.com\/wp-content\/uploads\/2016\/10\/306ef680f8bd5325f4ee1377ce2326f3.jpg 317w, https:\/\/entelgy.com\/wp-content\/uploads\/2016\/10\/306ef680f8bd5325f4ee1377ce2326f3-300x203.jpg 300w\" sizes=\"(max-width: 317px) 100vw, 317px\" \/>\n<div class=\"post_wp\">\n<h1 >\u00bfQuieres saber qu\u00e9 nos cuenta nuestro compa\u00f1ero-viajero? Sigue leyendo a Iv\u00e1n Jim\u00e9nez en Alemania, Argentina, Chile, Per\u00fa\u2026<\/h1>\n<p ><a href=\"https:\/\/entelgy.com\/entelgy-por-el-mundo-ivan-jimenez\/\" rel=\"attachment wp-att-18982\"><img decoding=\"async\" class=\"aligncenter size-full wp-image-18982\" src=\"\/media\/k2\/items\/src\/Entelgy\/2016\/10\/Entelgy-por-el-Mundo-Iv\u00e1n-Jim\u00e9nez.jpg\" alt=\"Entelgy por el Mundo: Iv\u00e1n Jim\u00e9nez\" width=\"317\" height=\"214\" \/><\/a><\/p>\n<h6 ><strong><span ><em>En un Beergarden en Munich<\/em><\/span><\/strong><\/h6>\n<p ><span ><em>Mi vida ha sido como yo he querido que fuera. All\u00e1 por el 1998 yo era joven y mi mundo era muy peque\u00f1o. No ansiaba conocer m\u00e1s, pero la necesidad de aprender ingl\u00e9s, y cambios repentinos que se produjeron en mi vida, me hicieron tomar la decisi\u00f3n de viajar a\u00a0Inglaterra en un momento en que a\u00fan no era tan com\u00fan hacerlo. <strong>Esa decisi\u00f3n cambi\u00f3 mi vida<\/strong>.\u00a0<\/em><\/span><\/p>\n<p ><span ><em>En Inglaterra conoc\u00ed muchos amigos de diferentes nacionalidades que abrieron mi mente. Surgieron en m\u00ed deseos de viajar y conocer aquellos lugares a donde pertenec\u00edan dichas personas. <\/em><\/span><\/p>\n<p ><span ><em>Al final del 1998, cuando ansiaba recorrer mundo, tuve que regresar a Espa\u00f1a a cumplir el servicio militar. Mientras lo cumpl\u00eda no paraba de escribirme con amigos (cartas de papel, \u00a1si! a\u00fan se usaban) y so\u00f1ar con visitar pa\u00edses juntos. Unos meses antes de terminar el servicio militar me surgi\u00f3 la oportunidad de <strong>un trabajo que me promet\u00eda viajar mientras trabajaba<\/strong>. Tras mucho pensarlo acept\u00e9 el trabajo bajo la premisa de poder seguir viajando. <\/em><\/span><\/p>\n<p ><span ><em>De este modo llegu\u00e9 a una peque\u00f1a <strong>empresa de origen alem\u00e1n que se dedicaba a la gesti\u00f3n documental<\/strong> y que se encargaba de Espa\u00f1a, Portugal y sudam\u00e9rica. Hasta llegar a <strong>DCL (Grupo Entelgy)<\/strong>, pas\u00e9 por alguna empresa m\u00e1s, todas ellas con <strong>proyectos internacionales<\/strong> que me permit\u00edan seguir viajando.<\/em><\/span><\/p>\n<p ><span ><em>Debido a mi trabajo en <strong>DCL (Grupo Entelgy)<\/strong> he tenido que viajar por muchos pa\u00edses europeos: Portugal, Italia, Suiza, Alemania (donde llegu\u00e9 a vivir tres meses), Dinamarca, Suecia y Finlandia. <\/em><\/span><\/p>\n<p ><span ><em><a href=\"\/actualidad\/entelgy-por-el-mundo-ivan-jimenez\/entelgy-por-el-mundo-ivan-jimenez-chile\/\" rel=\"attachment wp-att-18984\"><img decoding=\"async\" class=\"alignleft size-full wp-image-18984\" src=\"\/media\/k2\/items\/src\/Entelgy\/2016\/10\/Entelgy-por-el-Mundo-Iv\u00e1n-Jim\u00e9nez-Chile.jpg\" alt=\"Entelgy por el Mundo: Iv\u00e1n Jim\u00e9nez\" width=\"259\" height=\"195\" \/><\/a>En el cono sur americano he tenido que ir a Argentina, Per\u00fa, Chile y Brasil. La duraci\u00f3n de los viajes, en mi caso, no han sido muy grandes, 1 o 2 semanas, con la excepci\u00f3n de Munich que dur\u00f3 3 meses.<\/em><\/span><\/p>\n<h6 ><strong><span ><em>En Santiago de Chile al poco tiempo de rescatar a los mineros en el 2010<\/em><\/span><\/strong><\/h6>\n<p ><span ><em>Tener la posibilidad de descubrir diferentes ciudades y gentes ha sido algo que siempre me ha gustado. <strong>Conocer las costumbres<\/strong>, <strong>conocer sus sociedades diferentes a la nuestra me ha hecho siempre buscar lo mejor de cada lugar<\/strong>.<\/em><\/span><\/p>\n<p ><span ><em>Es cierto que <strong>estar separado de la familia no es agradabl<\/strong>e. Como <strong>tampoco lo es vivir una semana en un hotel<\/strong>, pero <strong>estas oportunidades son \u00fanicas y hay que aprovecharlas<\/strong>. \u00bfViajar? Claro, \u00bfcu\u00e1ndo nos vamos? Pese al trabajo, <strong>siempre habr\u00e1 un hueco para visitar cosas<\/strong>, <strong>probar nuevas comidas y conocer nuevas personas<\/strong>.<\/em><\/span><\/p>\n<p ><span ><em><a href=\"\/actualidad\/entelgy-por-el-mundo-ivan-jimenez\/entelgy-por-el-mundo-ivan-jimenez-argentina\/\" rel=\"attachment wp-att-18985\"><img loading=\"lazy\" decoding=\"async\" class=\"alignright size-full wp-image-18985\" src=\"\/media\/k2\/items\/src\/Entelgy\/2016\/10\/Entelgy-por-el-Mundo-Iv\u00e1n-Jim\u00e9nez-Argentina.jpg\" alt=\"Entelgy por el Mundo: Iv\u00e1n Jim\u00e9nez\" width=\"262\" height=\"196\" \/><\/a>Personalmente me gusta m\u00e1s cuando el cliente est\u00e1 en un pa\u00eds lejano y entre medias hay un fin de semana libre. Aprovecho ese fin de semana para hacer alguna visita. <\/em><\/span><\/p>\n<p ><span ><em>En Argentina pude visitar las cataratas de Iguaz\u00fa, en Brasil estuve en Santos y en Alemania pude visitar muchas ciudades y pa\u00edses aleda\u00f1os. <\/em><\/span><\/p>\n<h6 ><\/h6>\n<h6 ><strong><span ><em><span >En las cataratas de Iguaz\u00fa<\/span><\/em><\/span><\/strong><\/h6>\n<p ><span ><em>Hay veces que pese a ser un pa\u00eds lejano e interesante hay que trabajar en un lugar aislado. <\/em><\/span><\/p>\n<p ><span ><em><a href=\"\/actualidad\/entelgy-por-el-mundo-ivan-jimenez\/entelgy-por-el-mundo-ivan-jimenez-peru\/\" target=\"_blank\" rel=\"attachment wp-att-18986 noopener\"><img loading=\"lazy\" decoding=\"async\" class=\"alignleft wp-image-18986 size-full\" title=\"Entelgy por el Mundo: Iv\u00e1n Jim\u00e9nez\" src=\"\/media\/k2\/items\/src\/Entelgy\/2016\/10\/Entelgy-por-el-Mundo-Iv\u00e1n-Jim\u00e9nez-Per\u00fa.jpg\" alt=\"entelgy-por-el-mundo-ivan-jimenez-peru\" width=\"245\" height=\"184\" \/><\/a>En Per\u00fa tuve que trabajar una semana en el complejo de la Merchorita, una instalaci\u00f3n de gasificaci\u00f3n en medio del desierto. <\/em><\/span><\/p>\n<h6 >\u00a0<strong><span ><em>Yo le llamaba el \u201c\u00e1rea 51 peruano\u201d<\/em><\/span><\/strong><\/h6>\n<p ><span ><em>Hoy en d\u00eda las cosas han cambiado un poco. Los clientes quieren ahorrar costes, se trabaja principalmente en remoto y rara vez en el cliente. Realmente esto le ha venido muy bien a mi reciente paternidad. <\/em><\/span><\/p>\n<p ><span ><em>Aun as\u00ed,<strong> no dejo de so\u00f1ar nuevos viajes<\/strong>, y un par de veces al a\u00f1o realizo alguno por con mi familia fuera del pa\u00eds. A mi hijo, de solo 10 meses, ya le estoy inculcando ese esp\u00edritu viajero, y aunque tan peque\u00f1o ya nos acompa\u00f1a en nuestros viajes.<\/em><\/span><\/p>\n<p ><a href=\"\/actualidad\/entelgy-por-el-mundo-ivan-jimenez\/entelgy-por-el-mundo-ivan-jimenez-y-familia\/\" rel=\"attachment wp-att-18987\"><img loading=\"lazy\" decoding=\"async\" class=\"aligncenter size-full wp-image-18987\" src=\"\/media\/k2\/items\/src\/Entelgy\/2016\/10\/Entelgy-por-el-Mundo-Iv\u00e1n-Jim\u00e9nez-y-Familia.jpg\" alt=\"Entelgy por el Mundo: Iv\u00e1n Jim\u00e9nez\" width=\"238\" height=\"179\" \/><\/a><\/p>\n<h6 ><strong><span >Monte Fuji<\/span><\/strong><\/h6>\n<h2 ><span ><strong>\u00a1Gracias Iv\u00e1n por compartir tus experiencias con nosotros y GO FOR IT!<\/strong><\/span><\/h2>\n<h2 ><strong>\u00a1Ya estamos preparando el siguiente viaje de Entelgy x M!<\/strong><\/h2>\n<p ><strong>Os invitamos a enviarnos vuestras andanzas por el mundo y compartirlas en nuestro blog corporativo.<\/strong><\/p>\n<p ><strong>Otros compa\u00f1eros-viajeros<\/strong>,\u00a0<strong>en nuestro blog<\/strong>:<\/p>\n<ul>\n<li ><em><a href=\"https:\/\/entelgy.com\/entelgy-por-el-mundo-mario-pacheco\/\" target=\"_blank\" rel=\"noopener\"><strong>Entelgy x Mundo: Mario Pacheco desde Per\u00fa<\/strong><\/a><\/em><\/li>\n<li ><em><strong><a href=\"\/actualidad\/entelgy-por-el-mundo-2\/\" target=\"_blank\" rel=\"noopener\">Entelgy x Mundo: David P\u00e9rez desde Colombia, Per\u00fa y M\u00e9xico<\/a><\/strong><\/em><\/li>\n<\/ul>\n<\/div>\n<p><!--more--><\/p>\n<div class=\"post_wp\">\n<h1 >\u00bfQuieres saber qu\u00e9 nos cuenta nuestro compa\u00f1ero-viajero? Sigue leyendo a Iv\u00e1n Jim\u00e9nez en Alemania, Argentina, Chile, Per\u00fa\u2026<\/h1>\n<p ><a href=\"https:\/\/entelgy.com\/entelgy-por-el-mundo-ivan-jimenez\/\" rel=\"attachment wp-att-18982\"><img decoding=\"async\" class=\"aligncenter size-full wp-image-18982\" src=\"\/media\/k2\/items\/src\/Entelgy\/2016\/10\/Entelgy-por-el-Mundo-Iv\u00e1n-Jim\u00e9nez.jpg\" alt=\"Entelgy por el Mundo: Iv\u00e1n Jim\u00e9nez\" width=\"317\" height=\"214\" \/><\/a><\/p>\n<h6 ><strong><span ><em>En un Beergarden en Munich<\/em><\/span><\/strong><\/h6>\n<p ><span ><em>Mi vida ha sido como yo he querido que fuera. All\u00e1 por el 1998 yo era joven y mi mundo era muy peque\u00f1o. No ansiaba conocer m\u00e1s, pero la necesidad de aprender ingl\u00e9s, y cambios repentinos que se produjeron en mi vida, me hicieron tomar la decisi\u00f3n de viajar a\u00a0Inglaterra en un momento en que a\u00fan no era tan com\u00fan hacerlo. <strong>Esa decisi\u00f3n cambi\u00f3 mi vida<\/strong>.\u00a0<\/em><\/span><\/p>\n<p ><span ><em>En Inglaterra conoc\u00ed muchos amigos de diferentes nacionalidades que abrieron mi mente. Surgieron en m\u00ed deseos de viajar y conocer aquellos lugares a donde pertenec\u00edan dichas personas. <\/em><\/span><\/p>\n<p ><span ><em>Al final del 1998, cuando ansiaba recorrer mundo, tuve que regresar a Espa\u00f1a a cumplir el servicio militar. Mientras lo cumpl\u00eda no paraba de escribirme con amigos (cartas de papel, \u00a1si! a\u00fan se usaban) y so\u00f1ar con visitar pa\u00edses juntos. Unos meses antes de terminar el servicio militar me surgi\u00f3 la oportunidad de <strong>un trabajo que me promet\u00eda viajar mientras trabajaba<\/strong>. Tras mucho pensarlo acept\u00e9 el trabajo bajo la premisa de poder seguir viajando. <\/em><\/span><\/p>\n<p ><span ><em>De este modo llegu\u00e9 a una peque\u00f1a <strong>empresa de origen alem\u00e1n que se dedicaba a la gesti\u00f3n documental<\/strong> y que se encargaba de Espa\u00f1a, Portugal y sudam\u00e9rica. Hasta llegar a <strong>DCL (Grupo Entelgy)<\/strong>, pas\u00e9 por alguna empresa m\u00e1s, todas ellas con <strong>proyectos internacionales<\/strong> que me permit\u00edan seguir viajando.<\/em><\/span><\/p>\n<p ><span ><em>Debido a mi trabajo en <strong>DCL (Grupo Entelgy)<\/strong> he tenido que viajar por muchos pa\u00edses europeos: Portugal, Italia, Suiza, Alemania (donde llegu\u00e9 a vivir tres meses), Dinamarca, Suecia y Finlandia. <\/em><\/span><\/p>\n<p ><span ><em><a href=\"\/actualidad\/entelgy-por-el-mundo-ivan-jimenez\/entelgy-por-el-mundo-ivan-jimenez-chile\/\" rel=\"attachment wp-att-18984\"><img decoding=\"async\" class=\"alignleft size-full wp-image-18984\" src=\"\/media\/k2\/items\/src\/Entelgy\/2016\/10\/Entelgy-por-el-Mundo-Iv\u00e1n-Jim\u00e9nez-Chile.jpg\" alt=\"Entelgy por el Mundo: Iv\u00e1n Jim\u00e9nez\" width=\"259\" height=\"195\" \/><\/a>En el cono sur americano he tenido que ir a Argentina, Per\u00fa, Chile y Brasil. La duraci\u00f3n de los viajes, en mi caso, no han sido muy grandes, 1 o 2 semanas, con la excepci\u00f3n de Munich que dur\u00f3 3 meses.<\/em><\/span><\/p>\n<h6 ><strong><span ><em>En Santiago de Chile al poco tiempo de rescatar a los mineros en el 2010<\/em><\/span><\/strong><\/h6>\n<p ><span ><em>Tener la posibilidad de descubrir diferentes ciudades y gentes ha sido algo que siempre me ha gustado. <strong>Conocer las costumbres<\/strong>, <strong>conocer sus sociedades diferentes a la nuestra me ha hecho siempre buscar lo mejor de cada lugar<\/strong>.<\/em><\/span><\/p>\n<p ><span ><em>Es cierto que <strong>estar separado de la familia no es agradabl<\/strong>e. Como <strong>tampoco lo es vivir una semana en un hotel<\/strong>, pero <strong>estas oportunidades son \u00fanicas y hay que aprovecharlas<\/strong>. \u00bfViajar? Claro, \u00bfcu\u00e1ndo nos vamos? Pese al trabajo, <strong>siempre habr\u00e1 un hueco para visitar cosas<\/strong>, <strong>probar nuevas comidas y conocer nuevas personas<\/strong>.<\/em><\/span><\/p>\n<p ><span ><em><a href=\"\/actualidad\/entelgy-por-el-mundo-ivan-jimenez\/entelgy-por-el-mundo-ivan-jimenez-argentina\/\" rel=\"attachment wp-att-18985\"><img loading=\"lazy\" decoding=\"async\" class=\"alignright size-full wp-image-18985\" src=\"\/media\/k2\/items\/src\/Entelgy\/2016\/10\/Entelgy-por-el-Mundo-Iv\u00e1n-Jim\u00e9nez-Argentina.jpg\" alt=\"Entelgy por el Mundo: Iv\u00e1n Jim\u00e9nez\" width=\"262\" height=\"196\" \/><\/a>Personalmente me gusta m\u00e1s cuando el cliente est\u00e1 en un pa\u00eds lejano y entre medias hay un fin de semana libre. Aprovecho ese fin de semana para hacer alguna visita. <\/em><\/span><\/p>\n<p ><span ><em>En Argentina pude visitar las cataratas de Iguaz\u00fa, en Brasil estuve en Santos y en Alemania pude visitar muchas ciudades y pa\u00edses aleda\u00f1os. <\/em><\/span><\/p>\n<h6 ><\/h6>\n<h6 ><strong><span ><em><span >En las cataratas de Iguaz\u00fa<\/span><\/em><\/span><\/strong><\/h6>\n<p ><span ><em>Hay veces que pese a ser un pa\u00eds lejano e interesante hay que trabajar en un lugar aislado. <\/em><\/span><\/p>\n<p ><span ><em><a href=\"\/actualidad\/entelgy-por-el-mundo-ivan-jimenez\/entelgy-por-el-mundo-ivan-jimenez-peru\/\" target=\"_blank\" rel=\"attachment wp-att-18986 noopener\"><img loading=\"lazy\" decoding=\"async\" class=\"alignleft wp-image-18986 size-full\" title=\"Entelgy por el Mundo: Iv\u00e1n Jim\u00e9nez\" src=\"\/media\/k2\/items\/src\/Entelgy\/2016\/10\/Entelgy-por-el-Mundo-Iv\u00e1n-Jim\u00e9nez-Per\u00fa.jpg\" alt=\"entelgy-por-el-mundo-ivan-jimenez-peru\" width=\"245\" height=\"184\" \/><\/a>En Per\u00fa tuve que trabajar una semana en el complejo de la Merchorita, una instalaci\u00f3n de gasificaci\u00f3n en medio del desierto. <\/em><\/span><\/p>\n<h6 >\u00a0<strong><span ><em>Yo le llamaba el \u201c\u00e1rea 51 peruano\u201d<\/em><\/span><\/strong><\/h6>\n<p ><span ><em>Hoy en d\u00eda las cosas han cambiado un poco. Los clientes quieren ahorrar costes, se trabaja principalmente en remoto y rara vez en el cliente. Realmente esto le ha venido muy bien a mi reciente paternidad. <\/em><\/span><\/p>\n<p ><span ><em>Aun as\u00ed,<strong> no dejo de so\u00f1ar nuevos viajes<\/strong>, y un par de veces al a\u00f1o realizo alguno por con mi familia fuera del pa\u00eds. A mi hijo, de solo 10 meses, ya le estoy inculcando ese esp\u00edritu viajero, y aunque tan peque\u00f1o ya nos acompa\u00f1a en nuestros viajes.<\/em><\/span><\/p>\n<p ><a href=\"\/actualidad\/entelgy-por-el-mundo-ivan-jimenez\/entelgy-por-el-mundo-ivan-jimenez-y-familia\/\" rel=\"attachment wp-att-18987\"><img loading=\"lazy\" decoding=\"async\" class=\"aligncenter size-full wp-image-18987\" src=\"\/media\/k2\/items\/src\/Entelgy\/2016\/10\/Entelgy-por-el-Mundo-Iv\u00e1n-Jim\u00e9nez-y-Familia.jpg\" alt=\"Entelgy por el Mundo: Iv\u00e1n Jim\u00e9nez\" width=\"238\" height=\"179\" \/><\/a><\/p>\n<h6 ><strong><span >Monte Fuji<\/span><\/strong><\/h6>\n<h2 ><span ><strong>\u00a1Gracias Iv\u00e1n por compartir tus experiencias con nosotros y GO FOR IT!<\/strong><\/span><\/h2>\n<h2 ><strong>\u00a1Ya estamos preparando el siguiente viaje de Entelgy x M!<\/strong><\/h2>\n<p ><strong>Os invitamos a enviarnos vuestras andanzas por el mundo y compartirlas en nuestro blog corporativo.<\/strong><\/p>\n<p ><strong>Otros compa\u00f1eros-viajeros<\/strong>,\u00a0<strong>en nuestro blog<\/strong>:<\/p>\n<ul>\n<li ><em><a href=\"https:\/\/entelgy.com\/entelgy-por-el-mundo-mario-pacheco\/\" target=\"_blank\" rel=\"noopener\"><strong>Entelgy x Mundo: Mario Pacheco desde Per\u00fa<\/strong><\/a><\/em><\/li>\n<li ><em><strong><a href=\"\/actualidad\/entelgy-por-el-mundo-2\/\" target=\"_blank\" rel=\"noopener\">Entelgy x Mundo: David P\u00e9rez desde Colombia, Per\u00fa y M\u00e9xico<\/a><\/strong><\/em><\/li>\n<\/ul>\n<\/div>\n","protected":false},"excerpt":{"rendered":"<p>\u00bfQuieres saber qu\u00e9 nos cuenta nuestro compa\u00f1ero-viajero? Sigue leyendo a Iv\u00e1n Jim\u00e9nez en Alemania, Argentina, Chile, Per\u00fa\u2026 En un Beergarden [&hellip;]<\/p>\n","protected":false},"author":4,"featured_media":26858,"comment_status":"open","ping_status":"open","sticky":false,"template":"","format":"standard","meta":{"_acf_changed":false,"rank_math_lock_modified_date":false,"site-sidebar-layout":"default","site-content-layout":"","ast-site-content-layout":"","site-content-style":"default","site-sidebar-style":"default","ast-global-header-display":"","ast-banner-title-visibility":"","ast-main-header-display":"","ast-hfb-above-header-display":"","ast-hfb-below-header-display":"","ast-hfb-mobile-header-display":"","site-post-title":"","ast-breadcrumbs-content":"","ast-featured-img":"","footer-sml-layout":"","theme-transparent-header-meta":"","adv-header-id-meta":"","stick-header-meta":"","header-above-stick-meta":"","header-main-stick-meta":"","header-below-stick-meta":"","astra-migrate-meta-layouts":"default","ast-page-background-enabled":"default","ast-page-background-meta":{"desktop":{"background-color":"var(--ast-global-color-4)","background-image":"","background-repeat":"repeat","background-position":"center center","background-size":"auto","background-attachment":"scroll","background-type":"","background-media":"","overlay-type":"","overlay-color":"","overlay-opacity":"","overlay-gradient":""},"tablet":{"background-color":"","background-image":"","background-repeat":"repeat","background-position":"center center","background-size":"auto","background-attachment":"scroll","background-type":"","background-media":"","overlay-type":"","overlay-color":"","overlay-opacity":"","overlay-gradient":""},"mobile":{"background-color":"","background-image":"","background-repeat":"repeat","background-position":"center center","background-size":"auto","background-attachment":"scroll","background-type":"","background-media":"","overlay-type":"","overlay-color":"","overlay-opacity":"","overlay-gradient":""}},"ast-content-background-meta":{"desktop":{"background-color":"var(--ast-global-color-5)","background-image":"","background-repeat":"repeat","background-position":"center center","background-size":"auto","background-attachment":"scroll","background-type":"","background-media":"","overlay-type":"","overlay-color":"","overlay-opacity":"","overlay-gradient":""},"tablet":{"background-color":"var(--ast-global-color-5)","background-image":"","background-repeat":"repeat","background-position":"center center","background-size":"auto","background-attachment":"scroll","background-type":"","background-media":"","overlay-type":"","overlay-color":"","overlay-opacity":"","overlay-gradient":""},"mobile":{"background-color":"var(--ast-global-color-5)","background-image":"","background-repeat":"repeat","background-position":"center center","background-size":"auto","background-attachment":"scroll","background-type":"","background-media":"","overlay-type":"","overlay-color":"","overlay-opacity":"","overlay-gradient":""}},"footnotes":""},"categories":[21],"tags":[4687,8094,5145,4695],"class_list":["post-26859","post","type-post","status-publish","format-standard","has-post-thumbnail","hentry","category-sin-categoria","tag-entelgy-es","tag-entelgy-por-el-mundo-es","tag-internacionalizacion-es","tag-talento-entelgy-es"],"acf":[],"_links":{"self":[{"href":"https:\/\/entelgy.com\/pt-br\/wp-json\/wp\/v2\/posts\/26859","targetHints":{"allow":["GET"]}}],"collection":[{"href":"https:\/\/entelgy.com\/pt-br\/wp-json\/wp\/v2\/posts"}],"about":[{"href":"https:\/\/entelgy.com\/pt-br\/wp-json\/wp\/v2\/types\/post"}],"author":[{"embeddable":true,"href":"https:\/\/entelgy.com\/pt-br\/wp-json\/wp\/v2\/users\/4"}],"replies":[{"embeddable":true,"href":"https:\/\/entelgy.com\/pt-br\/wp-json\/wp\/v2\/comments?post=26859"}],"version-history":[{"count":0,"href":"https:\/\/entelgy.com\/pt-br\/wp-json\/wp\/v2\/posts\/26859\/revisions"}],"wp:featuredmedia":[{"embeddable":true,"href":"https:\/\/entelgy.com\/pt-br\/wp-json\/wp\/v2\/media\/26858"}],"wp:attachment":[{"href":"https:\/\/entelgy.com\/pt-br\/wp-json\/wp\/v2\/media?parent=26859"}],"wp:term":[{"taxonomy":"category","embeddable":true,"href":"https:\/\/entelgy.com\/pt-br\/wp-json\/wp\/v2\/categories?post=26859"},{"taxonomy":"post_tag","embeddable":true,"href":"https:\/\/entelgy.com\/pt-br\/wp-json\/wp\/v2\/tags?post=26859"}],"curies":[{"name":"wp","href":"https:\/\/api.w.org\/{rel}","templated":true}]}}