{"id":26293,"date":"2017-11-12T23:00:00","date_gmt":"2017-11-12T22:00:00","guid":{"rendered":"https:\/\/entelgy.com\/entelgy-life-peru-transformacion-digital\/"},"modified":"2024-11-06T23:42:24","modified_gmt":"2024-11-06T22:42:24","slug":"entelgy-life-peru-transformacion-digital","status":"publish","type":"post","link":"https:\/\/entelgy.com\/pt-br\/sin-categoria\/entelgy-life-peru-transformacion-digital\/","title":{"rendered":"\u201cEntelgy Life\u201d en Per\u00fa: un paso m\u00e1s en nuestra transformaci\u00f3n digital"},"content":{"rendered":"<img fetchpriority=\"high\" decoding=\"async\" class=\" size-full wp-image-26291\" src=\"https:\/\/entelgy.com\/wp-content\/uploads\/2017\/11\/116240ebabe11fe617fdfe5e0cb8596f.jpg\" alt=\"\" class=\"caption\" title=\"\u201cEntelgy Life\u201d en Per\u00fa: un paso m\u00e1s en nuestra transformaci\u00f3n digital\" width=\"574\" height=\"166\" srcset=\"https:\/\/entelgy.com\/wp-content\/uploads\/2017\/11\/116240ebabe11fe617fdfe5e0cb8596f.jpg 574w, https:\/\/entelgy.com\/wp-content\/uploads\/2017\/11\/116240ebabe11fe617fdfe5e0cb8596f-300x87.jpg 300w\" sizes=\"(max-width: 574px) 100vw, 574px\" \/>\n<div class=\"post_wp\">\n<div >\n<h1>Hoy queremos presentaros una iniciativa que <b>Entelgy<\/b> en <span >Per\u00fa<\/span> ha desarrollado dentro <b>nuestro proceso de transformaci\u00f3n digital<\/b>, <b>Entelgy Life.<\/b><\/h1>\n<p><a href=\"\/actualidad\/entelgy-life-peru-transformacion-digital\/entelgy-en-peru-site-colaborativo-de-google-entelgy-life\/\" target=\"_blank\" rel=\"attachment wp-att-21921 noopener\"><img decoding=\"async\" class=\"aligncenter wp-image-21921 size-full\" title=\"Entelgy en Per\u00fa - Site colaborativo de google Entelgy Life\" src=\"\/media\/k2\/items\/src\/Entelgy\/2017\/11\/Entelgy-en-Per\u00fa-Site-colaborativo-de-google-Entelgy-Life.jpg\" alt=\"Entelgy en Per\u00fa - Site colaborativo de google Entelgy Life\" width=\"574\" height=\"166\" \/><\/a><\/p>\n<p>Una de las herramientas que se pueden desarrollar con la suite de <strong><span >G<\/span><span >o<\/span><span >o<\/span><span >g<\/span><span >l<\/span><span >e<\/span><\/strong> son los <i>sites colaborativos<\/i>, que nos permiten colaborar y compartir entre los miembros de la comunidad <span >Entelgy<\/span>.<\/p>\n<p>Nuestros compa\u00f1eros de <span >Entelgy<\/span> en <span >Per\u00fa<\/span> han desarrollado una nueva iniciativa. Nos lo cuentan:<\/p>\n<p><span ><b>\u00bfC\u00f3mo naci\u00f3 la iniciativa del Portal del Empleado Entelgy Life en Per\u00fa?<\/b><\/span><\/p>\n<p><em>Inicialmente tuvimos la necesidad de un tablero de corcho informativo f\u00edsico en la oficina para dar a conocer las novedades locales, acontecimientos como cumplea\u00f1os y fechas importantes, reconocimientos de antig\u00fcedad de empleados\u2026 es decir, informaci\u00f3n que no est\u00e1 disponible en la intranet y que necesita ser reforzada. Tambi\u00e9n tratamos de hacer llegar mensajes a las personas que se encuentran en oficinas del cliente para fortalecer el sentido de pertenencia.<\/em><\/p>\n<p><em>Durante las sesiones de Transformation Labs del proyecto de Transformaci\u00f3n Digital Interno \u201c<span >Entelgy Valley<\/span>\u201d, realizamos ejercicios de mapeo de procesos para encontrar formas de innovar internamente y, junto con la iniciativa de cero papel, quisimos hacer un prototipo de corcho virtual que tuvo una muy buena acogida en Per\u00fa.<\/em><\/p>\n<p><span ><b>\u00bfQuienes han participado en el desarrollo de ideas y como ha sido acogido por los empleados de Entelgy en Per\u00fa?<\/b><\/span><\/p>\n<p><em>Nuestro equipo ha asumido labores como un equipo de redacci\u00f3n editorial\u200b; todos han trabajado en esta iniciativa desde su origen y el equipo est\u00e1 conformado por:<\/em><\/p>\n<ul>\n<li><em>David Sordo | Editor en jefe<\/em><\/li>\n<li><em>Claudia Herrera | Community Manager y Dise\u00f1o del site\u200b<\/em><\/li>\n<li><em>Ingrid Salazar | Editorial Administraci\u00f3n y Finanzas<\/em><\/li>\n<li><em>Sandy Portella | Editorial Personas<\/em><\/li>\n<\/ul>\n<p><em>Primero se ha realizado una presentaci\u00f3n del tablero a los empleados durante nuestras reuniones de integraci\u00f3n. La necesidad y deseo de estar todos conectados nos ha ayudado a que sea positiva la reacci\u00f3n adem\u00e1s de que uno de los objetivos es que participemos todos de manera activa, escuchando las opiniones y creando una comunidad. A\u00fan tenemos mucho trabajo por delante para que el tablero se convierta en nuestro punto de convergencia, sin embargo, va por buen camino.<\/em><\/p>\n<p><span ><b>\u00bfPor qu\u00e9 un site de Google?<\/b><\/span><\/p>\n<p><em>Quisimos aprovechar nuestra alianza con <a href=\"https:\/\/espana.googleblog.com\/\" target=\"_blank\" rel=\"noopener\"><strong><span >G<\/span><span >o<\/span><span >o<\/span><span >g<\/span><span >l<\/span><span >e<\/span><\/strong><\/a> y su suite de aplicaciones colaborativas y fue un \u00e9xito. Su integraci\u00f3n con otras aplicaciones como <strong><span >G<\/span><span >o<\/span><span >o<\/span><span >g<\/span><span >l<\/span><span >e<\/span><\/strong>+ nos ayuda a difundir las noticias y a fomentar la participaci\u00f3n y colaboraci\u00f3n de todos. La f\u00e1cil edici\u00f3n de <strong><span >G<\/span><span >o<\/span><span >o<\/span><span >g<\/span><span >l<\/span><span >e<\/span><\/strong> sites nos permite que todas podamos ser responsables del contenido del site y trabajar en colaboraci\u00f3n. Aprender las funciones de otras aplicaciones ha sido inesperadamente \u00fatil para otros casos como los formularios para el \u00e1rea Personas.<\/em><\/p>\n<p><span ><b>\u00bfQu\u00e9 tiempo os ha llevado tener listo el site y c\u00f3mo se han organizado?<\/b><\/span><\/p>\n<p><em>La primer reuni\u00f3n de brainstorming del tablero fue en agosto y para septiembre presentamos el primer prototipo del site. La versi\u00f3n final del site fue presentado el 28 de septiembre. Hemos organizado reuniones semanales para definir el contenido del site y cada editorial responsable debe enviar contenido actualizado que desea que se publique.<\/em><\/p>\n<p><span ><b>\u00bfTen\u00e9is alguna otra iniciativa en marcha?<\/b><\/span><\/p>\n<p><em>Tenemos dos iniciativas que complementan el tablero; la comunidad<span > Entelgy<\/span> <span >Per\u00fa<\/span> en <strong><span >G<\/span><span >o<\/span><span >o<\/span><span >g<\/span><span >l<\/span><span >e<\/span><\/strong>+, donde compartimos eventos sociales o comunicados y que actualmente cuenta con 15 miembros (miembros activos desde la creaci\u00f3n de la comunidad el 29 de septiembre, que se encuentran en cliente y en la oficina principal de <span >Entelgy<\/span> en <span >Per\u00fa<\/span>), y el Vox Populi: un buz\u00f3n de comentarios, ideas, propuestas y necesidades, una manera muy transparente de aportar ideas.<\/em><\/p>\n<p><em><a href=\"\/actualidad\/entelgy-life-peru-transformacion-digital\/entelgy-en-peru-site-colaborativo-de-google-entelgy-life-informacion-de-eventos\/\" target=\"_blank\" rel=\"attachment wp-att-21922 noopener\"><img decoding=\"async\" class=\"aligncenter wp-image-21922 size-full\" title=\"Entelgy en Per\u00fa - Site colaborativo de google Entelgy Life - Informaci\u00f3n de eventos\" src=\"\/media\/k2\/items\/src\/Entelgy\/2017\/11\/Entelgy-en-Per\u00fa-Site-colaborativo-de-google-Entelgy-Life-Informaci\u00f3n-de-eventos.jpg\" alt=\"Entelgy en Per\u00fa - Site colaborativo de google Entelgy Life - Informaci\u00f3n de eventos\" width=\"578\" height=\"263\" \/><\/a>Aqu\u00ed os compartimos algunas im\u00e1genes del site, en concreto de la Informaci\u00f3n de Eventos, Causal Beers celebrado en el mes de Julio, fiestas patrias de Per\u00fa&#8230;<\/em><\/p>\n<p><a href=\"\/actualidad\/entelgy-life-peru-transformacion-digital\/entelgy-en-peru-site-colaborativo-de-google-entelgy-life-informacion-de-eventos-familiares\/\" rel=\"attachment wp-att-21923\"><img loading=\"lazy\" decoding=\"async\" class=\"aligncenter size-full wp-image-21923\" src=\"\/media\/k2\/items\/src\/Entelgy\/2017\/11\/Entelgy-en-Per\u00fa-Site-colaborativo-de-google-Entelgy-Life-Informaci\u00f3n-de-eventos-familiares.jpg\" alt=\"Entelgy en Per\u00fa - Site colaborativo de google Entelgy Life - Informaci\u00f3n de eventos familiares\" width=\"449\" height=\"205\" \/><\/a><\/p>\n<h3 ><span ><b>\u00a1Gracias compa\u00f1eros peruanos por compartir la Iniciativa!<\/b><\/span><\/h3>\n<hr \/>\n<h2><span ><strong>Tambi\u00e9n te puede interesar<\/strong>:<\/span><\/h2>\n<table class=\"tablaP\"  border=\"0\" cellspacing=\"0\" cellpadding=\"0\" align=\"center\">\n<tbody>\n<tr>\n<td ><img loading=\"lazy\" decoding=\"async\" class=\" size-full wp-image-26276\"  src=\"https:\/\/entelgy.com\/wp-content\/uploads\/2017\/11\/Niveles-Transformacion-digital-interna-Felix-Bragado.jpg\" alt=\"Niveles de la Transformaci\u00f3n Digital interna: entrevista a F\u00e9lix Bragado\" width=\"374\" height=\"200\" srcset=\"https:\/\/entelgy.com\/wp-content\/uploads\/2017\/11\/Niveles-Transformacion-digital-interna-Felix-Bragado.jpg 374w, https:\/\/entelgy.com\/wp-content\/uploads\/2017\/11\/Niveles-Transformacion-digital-interna-Felix-Bragado-300x160.jpg 300w\" sizes=\"(max-width: 374px) 100vw, 374px\" \/><a href=\"https:\/\/entelgy.com\/niveles-la-transformacion-digital-interna-entrevista-felix-bragado\/\" target=\"_blank\" rel=\"noopener\">Niveles de la Transformaci\u00f3n Digital interna: entrevista a F\u00e9lix Bragado<\/a><\/td>\n<td ><img decoding=\"async\"  src=\"\/media\/k2\/items\/src\/Entelgy\/2017\/11\/Destacados-Valores-Entelgy-inspirados-en-la-Transformaci\u00f3n-Digital.jpg\" alt=\"Marta Gallardo: Valores Entelgy inspirados en la Transformaci\u00f3n Digital\" \/><a href=\"https:\/\/entelgy.com\/valores-entelgy-transformacion-digital\/\" target=\"_blank\" rel=\"noopener\">Marta Gallardo: Valores Entelgy inspirados en la Transformaci\u00f3n Digital<\/a><\/td>\n<td ><img loading=\"lazy\" decoding=\"async\" class=\"alignnone size-full wp-image-26292\"  src=\"https:\/\/entelgy.com\/wp-content\/uploads\/2017\/11\/Entelgy-Soporte-Comercial-Red-Hat-Site-colaborativo.jpg\" alt=\"Hoy en el blog de Entelgy hablamos de los sites colaborativos\" width=\"374\" height=\"200\" srcset=\"https:\/\/entelgy.com\/wp-content\/uploads\/2017\/11\/Entelgy-Soporte-Comercial-Red-Hat-Site-colaborativo.jpg 374w, https:\/\/entelgy.com\/wp-content\/uploads\/2017\/11\/Entelgy-Soporte-Comercial-Red-Hat-Site-colaborativo-300x160.jpg 300w\" sizes=\"(max-width: 374px) 100vw, 374px\" \/><a href=\"https:\/\/entelgy.com\/entelgy-sites-colaborativos\/\" target=\"_blank\" rel=\"noopener\">Hoy en el blog de Entelgy hablamos de los sites colaborativos<\/a><\/td>\n<\/tr>\n<\/tbody>\n<\/table>\n<\/div>\n<\/div>\n<p><!--more--><\/p>\n<div class=\"post_wp\">\n<div >\n<h1>Hoy queremos presentaros una iniciativa que <b>Entelgy<\/b> en <span >Per\u00fa<\/span> ha desarrollado dentro <b>nuestro proceso de transformaci\u00f3n digital<\/b>, <b>Entelgy Life.<\/b><\/h1>\n<p><a href=\"\/actualidad\/entelgy-life-peru-transformacion-digital\/entelgy-en-peru-site-colaborativo-de-google-entelgy-life\/\" target=\"_blank\" rel=\"attachment wp-att-21921 noopener\"><img decoding=\"async\" class=\"aligncenter wp-image-21921 size-full\" title=\"Entelgy en Per\u00fa - Site colaborativo de google Entelgy Life\" src=\"\/media\/k2\/items\/src\/Entelgy\/2017\/11\/Entelgy-en-Per\u00fa-Site-colaborativo-de-google-Entelgy-Life.jpg\" alt=\"Entelgy en Per\u00fa - Site colaborativo de google Entelgy Life\" width=\"574\" height=\"166\" \/><\/a><\/p>\n<p>Una de las herramientas que se pueden desarrollar con la suite de <strong><span >G<\/span><span >o<\/span><span >o<\/span><span >g<\/span><span >l<\/span><span >e<\/span><\/strong> son los <i>sites colaborativos<\/i>, que nos permiten colaborar y compartir entre los miembros de la comunidad <span >Entelgy<\/span>.<\/p>\n<p>Nuestros compa\u00f1eros de <span >Entelgy<\/span> en <span >Per\u00fa<\/span> han desarrollado una nueva iniciativa. Nos lo cuentan:<\/p>\n<p><span ><b>\u00bfC\u00f3mo naci\u00f3 la iniciativa del Portal del Empleado Entelgy Life en Per\u00fa?<\/b><\/span><\/p>\n<p><em>Inicialmente tuvimos la necesidad de un tablero de corcho informativo f\u00edsico en la oficina para dar a conocer las novedades locales, acontecimientos como cumplea\u00f1os y fechas importantes, reconocimientos de antig\u00fcedad de empleados\u2026 es decir, informaci\u00f3n que no est\u00e1 disponible en la intranet y que necesita ser reforzada. Tambi\u00e9n tratamos de hacer llegar mensajes a las personas que se encuentran en oficinas del cliente para fortalecer el sentido de pertenencia.<\/em><\/p>\n<p><em>Durante las sesiones de Transformation Labs del proyecto de Transformaci\u00f3n Digital Interno \u201c<span >Entelgy Valley<\/span>\u201d, realizamos ejercicios de mapeo de procesos para encontrar formas de innovar internamente y, junto con la iniciativa de cero papel, quisimos hacer un prototipo de corcho virtual que tuvo una muy buena acogida en Per\u00fa.<\/em><\/p>\n<p><span ><b>\u00bfQuienes han participado en el desarrollo de ideas y como ha sido acogido por los empleados de Entelgy en Per\u00fa?<\/b><\/span><\/p>\n<p><em>Nuestro equipo ha asumido labores como un equipo de redacci\u00f3n editorial\u200b; todos han trabajado en esta iniciativa desde su origen y el equipo est\u00e1 conformado por:<\/em><\/p>\n<ul>\n<li><em>David Sordo | Editor en jefe<\/em><\/li>\n<li><em>Claudia Herrera | Community Manager y Dise\u00f1o del site\u200b<\/em><\/li>\n<li><em>Ingrid Salazar | Editorial Administraci\u00f3n y Finanzas<\/em><\/li>\n<li><em>Sandy Portella | Editorial Personas<\/em><\/li>\n<\/ul>\n<p><em>Primero se ha realizado una presentaci\u00f3n del tablero a los empleados durante nuestras reuniones de integraci\u00f3n. La necesidad y deseo de estar todos conectados nos ha ayudado a que sea positiva la reacci\u00f3n adem\u00e1s de que uno de los objetivos es que participemos todos de manera activa, escuchando las opiniones y creando una comunidad. A\u00fan tenemos mucho trabajo por delante para que el tablero se convierta en nuestro punto de convergencia, sin embargo, va por buen camino.<\/em><\/p>\n<p><span ><b>\u00bfPor qu\u00e9 un site de Google?<\/b><\/span><\/p>\n<p><em>Quisimos aprovechar nuestra alianza con <a href=\"https:\/\/espana.googleblog.com\/\" target=\"_blank\" rel=\"noopener\"><strong><span >G<\/span><span >o<\/span><span >o<\/span><span >g<\/span><span >l<\/span><span >e<\/span><\/strong><\/a> y su suite de aplicaciones colaborativas y fue un \u00e9xito. Su integraci\u00f3n con otras aplicaciones como <strong><span >G<\/span><span >o<\/span><span >o<\/span><span >g<\/span><span >l<\/span><span >e<\/span><\/strong>+ nos ayuda a difundir las noticias y a fomentar la participaci\u00f3n y colaboraci\u00f3n de todos. La f\u00e1cil edici\u00f3n de <strong><span >G<\/span><span >o<\/span><span >o<\/span><span >g<\/span><span >l<\/span><span >e<\/span><\/strong> sites nos permite que todas podamos ser responsables del contenido del site y trabajar en colaboraci\u00f3n. Aprender las funciones de otras aplicaciones ha sido inesperadamente \u00fatil para otros casos como los formularios para el \u00e1rea Personas.<\/em><\/p>\n<p><span ><b>\u00bfQu\u00e9 tiempo os ha llevado tener listo el site y c\u00f3mo se han organizado?<\/b><\/span><\/p>\n<p><em>La primer reuni\u00f3n de brainstorming del tablero fue en agosto y para septiembre presentamos el primer prototipo del site. La versi\u00f3n final del site fue presentado el 28 de septiembre. Hemos organizado reuniones semanales para definir el contenido del site y cada editorial responsable debe enviar contenido actualizado que desea que se publique.<\/em><\/p>\n<p><span ><b>\u00bfTen\u00e9is alguna otra iniciativa en marcha?<\/b><\/span><\/p>\n<p><em>Tenemos dos iniciativas que complementan el tablero; la comunidad<span > Entelgy<\/span> <span >Per\u00fa<\/span> en <strong><span >G<\/span><span >o<\/span><span >o<\/span><span >g<\/span><span >l<\/span><span >e<\/span><\/strong>+, donde compartimos eventos sociales o comunicados y que actualmente cuenta con 15 miembros (miembros activos desde la creaci\u00f3n de la comunidad el 29 de septiembre, que se encuentran en cliente y en la oficina principal de <span >Entelgy<\/span> en <span >Per\u00fa<\/span>), y el Vox Populi: un buz\u00f3n de comentarios, ideas, propuestas y necesidades, una manera muy transparente de aportar ideas.<\/em><\/p>\n<p><em><a href=\"\/actualidad\/entelgy-life-peru-transformacion-digital\/entelgy-en-peru-site-colaborativo-de-google-entelgy-life-informacion-de-eventos\/\" target=\"_blank\" rel=\"attachment wp-att-21922 noopener\"><img decoding=\"async\" class=\"aligncenter wp-image-21922 size-full\" title=\"Entelgy en Per\u00fa - Site colaborativo de google Entelgy Life - Informaci\u00f3n de eventos\" src=\"\/media\/k2\/items\/src\/Entelgy\/2017\/11\/Entelgy-en-Per\u00fa-Site-colaborativo-de-google-Entelgy-Life-Informaci\u00f3n-de-eventos.jpg\" alt=\"Entelgy en Per\u00fa - Site colaborativo de google Entelgy Life - Informaci\u00f3n de eventos\" width=\"578\" height=\"263\" \/><\/a>Aqu\u00ed os compartimos algunas im\u00e1genes del site, en concreto de la Informaci\u00f3n de Eventos, Causal Beers celebrado en el mes de Julio, fiestas patrias de Per\u00fa&#8230;<\/em><\/p>\n<p><a href=\"\/actualidad\/entelgy-life-peru-transformacion-digital\/entelgy-en-peru-site-colaborativo-de-google-entelgy-life-informacion-de-eventos-familiares\/\" rel=\"attachment wp-att-21923\"><img loading=\"lazy\" decoding=\"async\" class=\"aligncenter size-full wp-image-21923\" src=\"\/media\/k2\/items\/src\/Entelgy\/2017\/11\/Entelgy-en-Per\u00fa-Site-colaborativo-de-google-Entelgy-Life-Informaci\u00f3n-de-eventos-familiares.jpg\" alt=\"Entelgy en Per\u00fa - Site colaborativo de google Entelgy Life - Informaci\u00f3n de eventos familiares\" width=\"449\" height=\"205\" \/><\/a><\/p>\n<h3 ><span ><b>\u00a1Gracias compa\u00f1eros peruanos por compartir la Iniciativa!<\/b><\/span><\/h3>\n<hr \/>\n<h2><span ><strong>Tambi\u00e9n te puede interesar<\/strong>:<\/span><\/h2>\n<table class=\"tablaP\"  border=\"0\" cellspacing=\"0\" cellpadding=\"0\" align=\"center\">\n<tbody>\n<tr>\n<td ><img loading=\"lazy\" decoding=\"async\" class=\" size-full wp-image-26276\"  src=\"https:\/\/entelgy.com\/wp-content\/uploads\/2017\/11\/Niveles-Transformacion-digital-interna-Felix-Bragado.jpg\" alt=\"Niveles de la Transformaci\u00f3n Digital interna: entrevista a F\u00e9lix Bragado\" width=\"374\" height=\"200\" srcset=\"https:\/\/entelgy.com\/wp-content\/uploads\/2017\/11\/Niveles-Transformacion-digital-interna-Felix-Bragado.jpg 374w, https:\/\/entelgy.com\/wp-content\/uploads\/2017\/11\/Niveles-Transformacion-digital-interna-Felix-Bragado-300x160.jpg 300w\" sizes=\"(max-width: 374px) 100vw, 374px\" \/><a href=\"https:\/\/entelgy.com\/niveles-la-transformacion-digital-interna-entrevista-felix-bragado\/\" target=\"_blank\" rel=\"noopener\">Niveles de la Transformaci\u00f3n Digital interna: entrevista a F\u00e9lix Bragado<\/a><\/td>\n<td ><img decoding=\"async\"  src=\"\/media\/k2\/items\/src\/Entelgy\/2017\/11\/Destacados-Valores-Entelgy-inspirados-en-la-Transformaci\u00f3n-Digital.jpg\" alt=\"Marta Gallardo: Valores Entelgy inspirados en la Transformaci\u00f3n Digital\" \/><a href=\"https:\/\/entelgy.com\/valores-entelgy-transformacion-digital\/\" target=\"_blank\" rel=\"noopener\">Marta Gallardo: Valores Entelgy inspirados en la Transformaci\u00f3n Digital<\/a><\/td>\n<td ><img loading=\"lazy\" decoding=\"async\" class=\"alignnone size-full wp-image-26292\"  src=\"https:\/\/entelgy.com\/wp-content\/uploads\/2017\/11\/Entelgy-Soporte-Comercial-Red-Hat-Site-colaborativo.jpg\" alt=\"Hoy en el blog de Entelgy hablamos de los sites colaborativos\" width=\"374\" height=\"200\" srcset=\"https:\/\/entelgy.com\/wp-content\/uploads\/2017\/11\/Entelgy-Soporte-Comercial-Red-Hat-Site-colaborativo.jpg 374w, https:\/\/entelgy.com\/wp-content\/uploads\/2017\/11\/Entelgy-Soporte-Comercial-Red-Hat-Site-colaborativo-300x160.jpg 300w\" sizes=\"(max-width: 374px) 100vw, 374px\" \/><a href=\"https:\/\/entelgy.com\/entelgy-sites-colaborativos\/\" target=\"_blank\" rel=\"noopener\">Hoy en el blog de Entelgy hablamos de los sites colaborativos<\/a><\/td>\n<\/tr>\n<\/tbody>\n<\/table>\n<\/div>\n<\/div>\n","protected":false},"excerpt":{"rendered":"<p>Hoy queremos presentaros una iniciativa que Entelgy en Per\u00fa ha desarrollado dentro nuestro proceso de transformaci\u00f3n digital, Entelgy Life. Una [&hellip;]<\/p>\n","protected":false},"author":4,"featured_media":26291,"comment_status":"open","ping_status":"open","sticky":false,"template":"","format":"standard","meta":{"_acf_changed":false,"rank_math_lock_modified_date":false,"site-sidebar-layout":"default","site-content-layout":"","ast-site-content-layout":"","site-content-style":"default","site-sidebar-style":"default","ast-global-header-display":"","ast-banner-title-visibility":"","ast-main-header-display":"","ast-hfb-above-header-display":"","ast-hfb-below-header-display":"","ast-hfb-mobile-header-display":"","site-post-title":"","ast-breadcrumbs-content":"","ast-featured-img":"","footer-sml-layout":"","theme-transparent-header-meta":"","adv-header-id-meta":"","stick-header-meta":"","header-above-stick-meta":"","header-main-stick-meta":"","header-below-stick-meta":"","astra-migrate-meta-layouts":"default","ast-page-background-enabled":"default","ast-page-background-meta":{"desktop":{"background-color":"var(--ast-global-color-4)","background-image":"","background-repeat":"repeat","background-position":"center center","background-size":"auto","background-attachment":"scroll","background-type":"","background-media":"","overlay-type":"","overlay-color":"","overlay-opacity":"","overlay-gradient":""},"tablet":{"background-color":"","background-image":"","background-repeat":"repeat","background-position":"center center","background-size":"auto","background-attachment":"scroll","background-type":"","background-media":"","overlay-type":"","overlay-color":"","overlay-opacity":"","overlay-gradient":""},"mobile":{"background-color":"","background-image":"","background-repeat":"repeat","background-position":"center center","background-size":"auto","background-attachment":"scroll","background-type":"","background-media":"","overlay-type":"","overlay-color":"","overlay-opacity":"","overlay-gradient":""}},"ast-content-background-meta":{"desktop":{"background-color":"var(--ast-global-color-5)","background-image":"","background-repeat":"repeat","background-position":"center center","background-size":"auto","background-attachment":"scroll","background-type":"","background-media":"","overlay-type":"","overlay-color":"","overlay-opacity":"","overlay-gradient":""},"tablet":{"background-color":"var(--ast-global-color-5)","background-image":"","background-repeat":"repeat","background-position":"center center","background-size":"auto","background-attachment":"scroll","background-type":"","background-media":"","overlay-type":"","overlay-color":"","overlay-opacity":"","overlay-gradient":""},"mobile":{"background-color":"var(--ast-global-color-5)","background-image":"","background-repeat":"repeat","background-position":"center center","background-size":"auto","background-attachment":"scroll","background-type":"","background-media":"","overlay-type":"","overlay-color":"","overlay-opacity":"","overlay-gradient":""}},"footnotes":""},"categories":[21],"tags":[5283,8076,5145,4695,4879],"class_list":["post-26293","post","type-post","status-publish","format-standard","has-post-thumbnail","hentry","category-sin-categoria","tag-alianzas","tag-entelgy-life-es","tag-internacionalizacion-es","tag-talento-entelgy-es","tag-transformacion-digital-es"],"acf":[],"_links":{"self":[{"href":"https:\/\/entelgy.com\/pt-br\/wp-json\/wp\/v2\/posts\/26293","targetHints":{"allow":["GET"]}}],"collection":[{"href":"https:\/\/entelgy.com\/pt-br\/wp-json\/wp\/v2\/posts"}],"about":[{"href":"https:\/\/entelgy.com\/pt-br\/wp-json\/wp\/v2\/types\/post"}],"author":[{"embeddable":true,"href":"https:\/\/entelgy.com\/pt-br\/wp-json\/wp\/v2\/users\/4"}],"replies":[{"embeddable":true,"href":"https:\/\/entelgy.com\/pt-br\/wp-json\/wp\/v2\/comments?post=26293"}],"version-history":[{"count":0,"href":"https:\/\/entelgy.com\/pt-br\/wp-json\/wp\/v2\/posts\/26293\/revisions"}],"wp:featuredmedia":[{"embeddable":true,"href":"https:\/\/entelgy.com\/pt-br\/wp-json\/wp\/v2\/media\/26291"}],"wp:attachment":[{"href":"https:\/\/entelgy.com\/pt-br\/wp-json\/wp\/v2\/media?parent=26293"}],"wp:term":[{"taxonomy":"category","embeddable":true,"href":"https:\/\/entelgy.com\/pt-br\/wp-json\/wp\/v2\/categories?post=26293"},{"taxonomy":"post_tag","embeddable":true,"href":"https:\/\/entelgy.com\/pt-br\/wp-json\/wp\/v2\/tags?post=26293"}],"curies":[{"name":"wp","href":"https:\/\/api.w.org\/{rel}","templated":true}]}}