{"id":82256,"date":"2026-09-03T08:00:00","date_gmt":"2026-09-03T06:00:00","guid":{"rendered":"https:\/\/entelgy.com\/?p=82256"},"modified":"2026-09-03T09:34:09","modified_gmt":"2026-09-03T07:34:09","slug":"el-gobierno-de-la-ia-entra-en-la-agenda-empresarial-el-analisis-de-entelgy-alcanza-una-amplia-repercusion-mediatica","status":"publish","type":"post","link":"https:\/\/entelgy.com\/en\/actualidad-es\/el-gobierno-de-la-ia-entra-en-la-agenda-empresarial-el-analisis-de-entelgy-alcanza-una-amplia-repercusion-mediatica\/","title":{"rendered":"El Gobierno de la IA entra en la agenda empresarial: el an\u00e1lisis de\u00a0Entelgy\u00a0alcanza una amplia repercusi\u00f3n medi\u00e1tica\u00a0"},"content":{"rendered":"\n<h4 class=\"wp-block-heading\"><strong>M\u00e1s de una veintena de medios de comunicaci\u00f3n se han hecho eco del estudio de&nbsp;Entelgy&nbsp;sobre la preparaci\u00f3n de las grandes empresas espa\u00f1olas ante el Reglamento Europeo de Inteligencia Artificial. Una repercusi\u00f3n que confirma que el Gobierno de la IA ha dejado de ser una cuesti\u00f3n exclusivamente tecnol\u00f3gica para convertirse en una prioridad estrat\u00e9gica para los comit\u00e9s de direcci\u00f3n.<\/strong>&nbsp;<\/h4>\n\n\n\n<p class=\"wp-block-paragraph\">La aplicaci\u00f3n de las nuevas obligaciones de transparencia del Reglamento Europeo de Inteligencia Artificial ha situado a las organizaciones ante un momento decisivo. La IA ya forma parte de numerosos procesos empresariales, pero su adopci\u00f3n no siempre ha ido acompa\u00f1ada de los mecanismos de control, las pol\u00edticas internas y las estructuras de responsabilidad necesarias para garantizar un uso seguro, \u00e9tico y conforme con la normativa.&nbsp;<\/p>\n\n\n\n<p class=\"wp-block-paragraph\">En este contexto,&nbsp;Entelgy&nbsp;public\u00f3 un estudio elaborado a partir de una encuesta a 300 directivos y CEO espa\u00f1oles que revelaba un dato especialmente significativo: el 31,7 % de las grandes empresas todav\u00eda no hab\u00eda implantado ninguna medida para adaptarse a la Ley de IA. El an\u00e1lisis tambi\u00e9n mostraba que, entre las organizaciones que s\u00ed hab\u00edan comenzado a prepararse, la formaci\u00f3n de los profesionales era la iniciativa m\u00e1s extendida, adoptada por el 70,7 %; seguida de la creaci\u00f3n de un comit\u00e9 o responsable de Gobierno de la IA, con un 47,3 %, y del establecimiento de pol\u00edticas internas de uso, con un 33,7 %.&nbsp;<\/p>\n\n\n\n<p class=\"wp-block-paragraph\">La relevancia de estas conclusiones y la cercan\u00eda de los nuevos hitos regulatorios han despertado un amplio inter\u00e9s informativo. M\u00e1s de una veintena de medios generalistas, econ\u00f3micos y especializados en tecnolog\u00eda, inteligencia artificial, seguridad y gesti\u00f3n empresarial han recogido el an\u00e1lisis de&nbsp;Entelgy, ampliando el debate sobre el grado real de preparaci\u00f3n de las compa\u00f1\u00edas espa\u00f1olas.&nbsp;<\/p>\n\n\n\n<h3 class=\"wp-block-heading\"><strong>Una repercusi\u00f3n que traslada el Gobierno de la IA al primer plano<\/strong>&nbsp;<\/h3>\n\n\n\n<p class=\"wp-block-paragraph\">La informaci\u00f3n fue difundida por&nbsp;<a href=\"https:\/\/www.europapress.es\/portaltic\/sector\/noticia-tercio-grandes-empresas-espanolas-no-integrado-ninguna-medida-ley-ia-20260731134825.html\" target=\"_blank\" rel=\"noreferrer noopener\">Europa Press<\/a>&nbsp;y alcanz\u00f3 una amplia distribuci\u00f3n a trav\u00e9s de cabeceras como&nbsp;Notim\u00e9rica, Diario Siglo XXI o Ant-Co. A esta cobertura se sumaron medios especializados de referencia como&nbsp;<a href=\"https:\/\/www.ituser.es\/actualidad\/2026\/07\/una-de-cada-tres-grandes-empresas-aun-no-ha-adoptado-medidas-para-cumplir-con-el-reglamento-europeo-de-ia\" target=\"_blank\" rel=\"noreferrer noopener\">IT User<\/a>,&nbsp;<a href=\"https:\/\/www.computing.es\/inteligencia-artificial\/un-tercio-de-las-grandes-empresas-espanolas-sigue-sin-prepararse-para-la-ley-de-la-ia\/\" target=\"_blank\" rel=\"noreferrer noopener\">Computing<\/a>,&nbsp;<a href=\"https:\/\/www.datacentermarket.es\/inteligencia-artificial\/un-tercio-de-las-grandes-empresas-espanolas-no-ha-preparado-la-entrada-en-vigor-de-la-ley-de-ia\/\" target=\"_blank\" rel=\"noreferrer noopener\">Data Center Market<\/a>,&nbsp;<a href=\"https:\/\/revistabyte.es\/actualidad-it\/ley-de-la-ia-y-las-empresas\/\" target=\"_blank\" rel=\"noreferrer noopener\">Byte TI<\/a>,&nbsp;<a href=\"https:\/\/www.muycanal.com\/2026\/07\/31\/vigor-ley-ai-act\" target=\"_blank\" rel=\"noreferrer noopener\">MuyCanal<\/a>,&nbsp;DirectorTIC, Portal ERP, Zona Movilidad y Cuadernos de Seguridad, entre otros.&nbsp;<\/p>\n\n\n\n<p class=\"wp-block-paragraph\">El estudio tambi\u00e9n trascendi\u00f3 el \u00e1mbito estrictamente tecnol\u00f3gico.&nbsp;<em>elEconomista<\/em>&nbsp;llev\u00f3 el asunto a su edici\u00f3n impresa bajo el titular \u201cUn tercio de las empresas opera de espaldas a la nueva ley de IA\u201d, poniendo el foco en la obligaci\u00f3n de identificar contenidos sint\u00e9ticos \u2014como los&nbsp;<em>deepfakes<\/em>\u2014 y en la supervisi\u00f3n de los modelos de prop\u00f3sito general. Por su parte,&nbsp;<a href=\"https:\/\/theobjective.com\/tecnologia\/2026-08-05\/europa-multas-15-millones-uso-inteligencia-artificial\/\" target=\"_blank\" rel=\"noreferrer noopener\">The Objective<\/a>&nbsp;abord\u00f3 las implicaciones econ\u00f3micas y el r\u00e9gimen sancionador de la regulaci\u00f3n europea.&nbsp;<\/p>\n\n\n\n<p class=\"wp-block-paragraph\">Esta diversidad de cabeceras refleja la dimensi\u00f3n transversal del reto. La gobernanza de la inteligencia artificial ya no afecta \u00fanicamente a las \u00e1reas de Tecnolog\u00eda. Tambi\u00e9n implica a la alta direcci\u00f3n y a los equipos de Legal, Riesgos, Recursos Humanos, Seguridad, Datos, Compras, Comunicaci\u00f3n y Operaciones. All\u00ed donde una organizaci\u00f3n utiliza IA, debe existir un modelo capaz de identificarla, evaluar sus riesgos y establecer responsabilidades claras sobre su utilizaci\u00f3n.&nbsp;<\/p>\n\n\n\n<h2 class=\"wp-block-heading\"><strong>Cumplir la Ley de IA no consiste solamente en adquirir tecnolog\u00eda<\/strong>&nbsp;<\/h2>\n\n\n\n<p class=\"wp-block-paragraph\">Uno de los mensajes de&nbsp;Entelgy&nbsp;que m\u00e1s presencia ha tenido en los medios es la necesidad de superar una visi\u00f3n puramente tecnol\u00f3gica del cumplimiento. Disponer de herramientas empresariales o de proveedores que ofrecen garant\u00edas de privacidad no exime a una compa\u00f1\u00eda de sus propias responsabilidades. El nivel de riesgo no depende \u00fanicamente de la soluci\u00f3n utilizada, sino del contexto y de la finalidad con la que se aplica.&nbsp;<\/p>\n\n\n\n<p class=\"wp-block-paragraph\">Una herramienta de IA empleada para apoyar un proceso de selecci\u00f3n, evaluar la solvencia de una persona o realizar determinados tratamientos biom\u00e9tricos puede quedar sujeta a obligaciones espec\u00edficas. Del mismo modo, sistemas aparentemente sencillos, como un asistente virtual o un FAQ conversacional, deben informar con claridad al usuario cuando est\u00e1 interactuando con una inteligencia artificial.&nbsp;<\/p>\n\n\n\n<p class=\"wp-block-paragraph\">Como se\u00f1al\u00f3 Alfredo Zurdo, director de Cambio Digital en&nbsp;Entelgy: \u201cLas empresas deben asimilar que el cumplimiento de la Ley de IA no se soluciona simplemente comprando software con licencias seguras. Se trata de un reto organizativo que exige criterio propio, pol\u00edticas claras y una acci\u00f3n inmediata por parte de los comit\u00e9s de direcci\u00f3n\u201d.&nbsp;<\/p>\n\n\n\n<p class=\"wp-block-paragraph\">La repercusi\u00f3n de este mensaje demuestra que el mercado est\u00e1 comenzando a comprender una cuesti\u00f3n esencial: gobernar la IA significa tomar decisiones conscientes sobre d\u00f3nde, c\u00f3mo, para qu\u00e9 y&nbsp;bajo qu\u00e9 condiciones&nbsp;puede utilizarse.&nbsp;<\/p>\n\n\n\n<h3 class=\"wp-block-heading\"><strong>Del cumplimiento normativo a una IA gobernada y confiable<\/strong>&nbsp;<\/h3>\n\n\n\n<p class=\"wp-block-paragraph\">El Gobierno de la IA proporciona el marco necesario para convertir principios regulatorios y \u00e9ticos en procesos concretos de gesti\u00f3n.&nbsp;El primer paso consiste en obtener una visi\u00f3n completa de los sistemas y casos de uso existentes, incluidos aquellos que hayan podido surgir de manera descentralizada a trav\u00e9s de herramientas de IA generativa.&nbsp;<\/p>\n\n\n\n<p class=\"wp-block-paragraph\">A partir de ese inventario, las organizaciones deben clasificar los sistemas seg\u00fan su nivel de riesgo, definir responsables, evaluar proveedores y datos, establecer controles de transparencia y supervisi\u00f3n humana, documentar las decisiones y crear mecanismos para detectar y gestionar posibles incidencias. Todo ello debe complementarse con pol\u00edticas internas comprensibles y con programas de alfabetizaci\u00f3n adaptados a las funciones y responsabilidades de cada profesional.&nbsp;<\/p>\n\n\n\n<p class=\"wp-block-paragraph\">Entelgy&nbsp;acompa\u00f1a a las organizaciones en este proceso mediante un enfoque integral de Gobierno de la IA que conecta regulaci\u00f3n, estrategia, tecnolog\u00eda, datos y personas. Sus capacidades permiten abordar el diagn\u00f3stico del nivel de preparaci\u00f3n, el inventario y la clasificaci\u00f3n de casos de uso, el dise\u00f1o del modelo de gobernanza, la definici\u00f3n de pol\u00edticas y procedimientos, la evaluaci\u00f3n de riesgos y proveedores, la formaci\u00f3n de los equipos y la elaboraci\u00f3n de una hoja de ruta de adecuaci\u00f3n y mejora continua.&nbsp;<\/p>\n\n\n\n<p class=\"wp-block-paragraph\">Este planteamiento permite avanzar m\u00e1s all\u00e1 de un ejercicio puntual de cumplimiento. Una IA bien gobernada ayuda a reducir riesgos legales, operativos y reputacionales, pero tambi\u00e9n mejora la calidad de las decisiones, aporta trazabilidad, refuerza la confianza de clientes y profesionales y facilita que la innovaci\u00f3n pueda escalar de manera sostenible.&nbsp;<\/p>\n\n\n\n<h3 class=\"wp-block-heading\"><strong>Human\u00a0driven\u00a0technology: gobernar la IA poniendo a las personas en el centro<\/strong>\u00a0<\/h3>\n\n\n\n<p class=\"wp-block-paragraph\">La amplia repercusi\u00f3n medi\u00e1tica del estudio de&nbsp;Entelgy&nbsp;confirma la urgencia del desaf\u00edo, pero tambi\u00e9n evidencia una oportunidad. Las empresas que establezcan desde ahora un modelo s\u00f3lido de Gobierno de la IA estar\u00e1n mejor preparadas para responder a la evoluci\u00f3n regulatoria, incorporar nuevos casos de uso y generar valor con esta tecnolog\u00eda sin perder el control.&nbsp;<\/p>\n\n\n\n<p class=\"wp-block-paragraph\">Desde nuestra visi\u00f3n&nbsp;<strong>Human&nbsp;Driven&nbsp;Technology<\/strong>, entendemos que la confianza no se obtiene \u00fanicamente con mejores algoritmos. Se construye combinando tecnolog\u00eda, conocimiento especializado, responsabilidad organizativa y criterio humano. Gobernar la IA es, en definitiva, hacer posible una innovaci\u00f3n m\u00e1s segura, transparente y alineada con los objetivos y valores de cada organizaci\u00f3n.&nbsp;<\/p>\n\n\n\n<p class=\"wp-block-paragraph\"><strong>En&nbsp;Entelgy&nbsp;ayudamos a las empresas a conocer su punto de partida, identificar sus riesgos y dise\u00f1ar el modelo de Gobierno de la IA que necesitan para avanzar con confianza.<\/strong>&nbsp;<\/p>\n\n\n\n<style>\n\/* ==========================================================\n   ENTELGY \u00b7 MEDIA COVERAGE\n   Premium editorial table for WordPress\n   ========================================================== *\/\n\n.entelgy-media {\n    --entelgy-navy: #041c2c;\n    --entelgy-orange: #fe5000;\n    --entelgy-blue: #7caad6;\n    --entelgy-green: #57be8a;\n    --entelgy-purple: #855ac6;\n    --entelgy-ink: #132633;\n    --entelgy-muted: #667985;\n    --entelgy-line: #dfe7eb;\n    --entelgy-soft: #f6f9fb;\n    --entelgy-white: #ffffff;\n\n    width: 100%;\n    max-width: 1180px;\n    margin: 48px auto;\n    font-family: \"DIN\", \"DIN Next\", \"DIN 2014\", Arial, sans-serif;\n    color: var(--entelgy-ink);\n}\n\n.entelgy-media,\n.entelgy-media * {\n    box-sizing: border-box;\n}\n\n.entelgy-media__header {\n    position: relative;\n    overflow: hidden;\n    margin-bottom: 24px;\n    padding: 32px 36px 30px;\n    background:\n        radial-gradient(circle at 92% 12%, rgba(124, 170, 214, .22), transparent 26%),\n        linear-gradient(135deg, #ffffff 0%, #f8fbfd 100%);\n    border: 1px solid rgba(4, 28, 44, .08);\n    border-radius: 24px;\n    box-shadow: 0 18px 50px rgba(4, 28, 44, .08);\n}\n\n.entelgy-media__header::before {\n    content: \"\";\n    position: absolute;\n    inset: 0 auto 0 0;\n    width: 5px;\n    background: linear-gradient(\n        180deg,\n        var(--entelgy-orange) 0%,\n        var(--entelgy-purple) 55%,\n        var(--entelgy-blue) 100%\n    );\n}\n\n.entelgy-media__eyebrow {\n    display: inline-flex;\n    align-items: center;\n    gap: 9px;\n    margin: 0 0 13px;\n    font-size: 12px;\n    font-weight: 700;\n    letter-spacing: .12em;\n    text-transform: uppercase;\n    color: var(--entelgy-orange);\n}\n\n.entelgy-media__eyebrow::before {\n    content: \"\";\n    width: 24px;\n    height: 2px;\n    background: currentColor;\n    border-radius: 999px;\n}\n\n.entelgy-media__title {\n    max-width: 760px;\n    margin: 0 0 12px;\n    color: var(--entelgy-navy);\n    font-size: clamp(30px, 4vw, 48px);\n    line-height: 1.04;\n    letter-spacing: -.025em;\n    font-weight: 700;\n}\n\n.entelgy-media__intro {\n    max-width: 860px;\n    margin: 0;\n    color: var(--entelgy-muted);\n    font-size: 18px;\n    line-height: 1.65;\n}\n\n.entelgy-media__wrapper {\n    position: relative;\n    overflow: hidden;\n    background: var(--entelgy-white);\n    border: 1px solid rgba(4, 28, 44, .09);\n    border-radius: 24px;\n    box-shadow: 0 18px 55px rgba(4, 28, 44, .08);\n}\n\n.entelgy-media__table {\n    width: 100%;\n    margin: 0;\n    border: 0;\n    border-collapse: separate;\n    border-spacing: 0;\n    background: transparent;\n}\n\n.entelgy-media__table thead {\n    background: linear-gradient(135deg, #071f2f 0%, #0c2e43 100%);\n}\n\n.entelgy-media__table th {\n    padding: 18px 24px;\n    border: 0;\n    color: #ffffff;\n    font-size: 12px;\n    font-weight: 700;\n    line-height: 1.2;\n    letter-spacing: .11em;\n    text-transform: uppercase;\n    text-align: left;\n}\n\n.entelgy-media__table th:first-child {\n    width: 29%;\n    padding-left: 30px;\n}\n\n.entelgy-media__table tbody tr {\n    position: relative;\n    transition:\n        background-color .22s ease,\n        transform .22s ease,\n        box-shadow .22s ease;\n}\n\n.entelgy-media__table tbody tr:nth-child(even) {\n    background: #fbfcfd;\n}\n\n.entelgy-media__table tbody tr:hover {\n    background: #f4f8fb;\n}\n\n.entelgy-media__table td {\n    padding: 21px 24px;\n    border: 0;\n    border-bottom: 1px solid var(--entelgy-line);\n    vertical-align: middle;\n    font-size: 16px;\n    line-height: 1.45;\n}\n\n.entelgy-media__table tbody tr:last-child td {\n    border-bottom: 0;\n}\n\n.entelgy-media__outlet {\n    position: relative;\n    padding-left: 48px !important;\n    color: var(--entelgy-navy);\n    font-weight: 700;\n}\n\n.entelgy-media__outlet::before {\n    content: \"\";\n    position: absolute;\n    left: 30px;\n    top: 50%;\n    width: 7px;\n    height: 7px;\n    transform: translateY(-50%);\n    border-radius: 50%;\n    background: var(--entelgy-orange);\n    box-shadow: 0 0 0 5px rgba(254, 80, 0, .09);\n    transition: transform .22s ease, box-shadow .22s ease;\n}\n\n.entelgy-media__table tbody tr:hover .entelgy-media__outlet::before {\n    transform: translateY(-50%) scale(1.15);\n    box-shadow: 0 0 0 7px rgba(254, 80, 0, .12);\n}\n\n.entelgy-media__link {\n    position: relative;\n    display: inline;\n    color: #24485d;\n    font-weight: 500;\n    text-decoration: none !important;\n    background-image: linear-gradient(var(--entelgy-orange), var(--entelgy-orange));\n    background-repeat: no-repeat;\n    background-position: 0 100%;\n    background-size: 0 2px;\n    transition:\n        color .2s ease,\n        background-size .28s ease;\n}\n\n.entelgy-media__link::after {\n    content: \" \u2197\";\n    display: inline;\n    color: var(--entelgy-orange);\n    font-size: .88em;\n    font-weight: 700;\n    white-space: nowrap;\n}\n\n.entelgy-media__link:hover,\n.entelgy-media__link:focus {\n    color: var(--entelgy-navy);\n    background-size: calc(100% - 1.1em) 2px;\n    outline: none;\n}\n\n.entelgy-media__link:focus-visible {\n    border-radius: 3px;\n    box-shadow: 0 0 0 3px rgba(124, 170, 214, .35);\n}\n\n.entelgy-media__note {\n    display: flex;\n    align-items: center;\n    gap: 9px;\n    margin: 15px 4px 0;\n    color: var(--entelgy-muted);\n    font-size: 13px;\n    line-height: 1.5;\n}\n\n.entelgy-media__note::before {\n    content: \"i\";\n    display: inline-grid;\n    place-items: center;\n    flex: 0 0 19px;\n    width: 19px;\n    height: 19px;\n    border: 1px solid rgba(4, 28, 44, .18);\n    border-radius: 50%;\n    color: var(--entelgy-navy);\n    font-size: 11px;\n    font-weight: 700;\n}\n\n\/* Tablet *\/\n@media (max-width: 820px) {\n    .entelgy-media {\n        margin: 32px auto;\n    }\n\n    .entelgy-media__header {\n        padding: 27px 25px 25px 28px;\n        border-radius: 20px;\n    }\n\n    .entelgy-media__wrapper {\n        border-radius: 20px;\n    }\n\n    .entelgy-media__table th,\n    .entelgy-media__table td {\n        padding-right: 18px;\n    }\n\n    .entelgy-media__outlet {\n        padding-left: 38px !important;\n    }\n\n    .entelgy-media__outlet::before {\n        left: 22px;\n    }\n}\n\n\/* Mobile: each row becomes an editorial card *\/\n@media (max-width: 640px) {\n    .entelgy-media {\n        margin: 26px auto;\n    }\n\n    .entelgy-media__header {\n        margin-bottom: 16px;\n        padding: 24px 20px 23px 23px;\n        border-radius: 18px;\n    }\n\n    .entelgy-media__title {\n        font-size: 31px;\n        line-height: 1.08;\n    }\n\n    .entelgy-media__intro {\n        font-size: 16px;\n        line-height: 1.6;\n    }\n\n    .entelgy-media__wrapper {\n        overflow: visible;\n        background: transparent;\n        border: 0;\n        border-radius: 0;\n        box-shadow: none;\n    }\n\n    .entelgy-media__table,\n    .entelgy-media__table tbody,\n    .entelgy-media__table tr,\n    .entelgy-media__table td {\n        display: block;\n        width: 100%;\n    }\n\n    .entelgy-media__table thead {\n        position: absolute;\n        width: 1px;\n        height: 1px;\n        overflow: hidden;\n        clip: rect(0 0 0 0);\n        clip-path: inset(50%);\n        white-space: nowrap;\n    }\n\n    .entelgy-media__table tbody tr,\n    .entelgy-media__table tbody tr:nth-child(even) {\n        margin-bottom: 12px;\n        overflow: hidden;\n        background: #ffffff;\n        border: 1px solid rgba(4, 28, 44, .09);\n        border-radius: 16px;\n        box-shadow: 0 8px 25px rgba(4, 28, 44, .06);\n    }\n\n    .entelgy-media__table tbody tr:hover {\n        background: #ffffff;\n    }\n\n    .entelgy-media__table td {\n        padding: 0 19px 19px;\n        border: 0;\n        font-size: 15px;\n    }\n\n    .entelgy-media__outlet {\n        padding: 18px 19px 9px 37px !important;\n        font-size: 14px !important;\n        letter-spacing: .01em;\n    }\n\n    .entelgy-media__outlet::before {\n        left: 20px;\n    }\n\n    .entelgy-media__link {\n        font-size: 16px;\n        line-height: 1.5;\n    }\n\n    .entelgy-media__note {\n        margin: 14px 4px 0;\n    }\n}\n\n\/* Reduced motion *\/\n@media (prefers-reduced-motion: reduce) {\n    .entelgy-media__table tbody tr,\n    .entelgy-media__link,\n    .entelgy-media__outlet::before {\n        transition: none;\n    }\n}\n<\/style>\n<section aria-label=\"Repercusi\u00f3n de Entelgy en medios\" class=\"entelgy-media\">\n<header class=\"entelgy-media__header\">\n<div class=\"entelgy-media__eyebrow\">Entelgy en los medios<\/div>\n<h2 class=\"entelgy-media__title\">La Ley de IA sit\u00faa a Entelgy en la conversaci\u00f3n medi\u00e1tica<\/h2>\n<p class=\"entelgy-media__intro\">El an\u00e1lisis de Entelgy sobre la preparaci\u00f3n de las grandes empresas espa\u00f1olas ante el Reglamento Europeo de Inteligencia Artificial ha alcanzado una amplia repercusi\u00f3n en medios generalistas, econ\u00f3micos y especializados.<\/p>\n<\/header>\n<div class=\"entelgy-media__wrapper\">\n<table class=\"entelgy-media__table\">\n<thead>\n<tr>\n<th scope=\"col\">Medio<\/th>\n<th scope=\"col\">Titular<\/th>\n<\/tr>\n<\/thead>\n<tbody><tr>\n<td class=\"entelgy-media__outlet\">Europa Press \u00b7 PortalTIC<\/td>\n<td>\n<a class=\"entelgy-media__link\" href=\"https:\/\/www.europapress.es\/portaltic\/sector\/noticia-tercio-grandes-empresas-espanolas-no-integrado-ninguna-medida-ley-ia-20260731134825.html\" rel=\"noopener noreferrer\" target=\"_blank\"> \n                        Un tercio de las grandes empresas espa\u00f1olas no ha integrado ninguna medida para la Ley de la IA \n                    <\/a>\n<\/td>\n<\/tr><tr>\n<td class=\"entelgy-media__outlet\">Computing<\/td>\n<td>\n<a class=\"entelgy-media__link\" href=\"https:\/\/www.computing.es\/inteligencia-artificial\/un-tercio-de-las-grandes-empresas-espanolas-sigue-sin-prepararse-para-la-ley-de-la-ia\/\" rel=\"noopener noreferrer\" target=\"_blank\"> \n                        Un tercio de las grandes empresas espa\u00f1olas sigue sin prepararse para la Ley de la IA \n                    <\/a>\n<\/td>\n<\/tr><tr>\n<td class=\"entelgy-media__outlet\">elEconomista<\/td>\n<td>\n<a class=\"entelgy-media__link\" href=\"https:\/\/www.eleconomista.es\/tecnologia\/noticias\/14005943\/08\/26\/bruselas-estrena-su-policia-de-la-ia-multas-transparencia-obligatoria-y-mas-control.html\" rel=\"noopener noreferrer\" target=\"_blank\"> \n                        Bruselas estrena su \u201cpolic\u00eda\u201d de la IA: multas, transparencia obligatoria y m\u00e1s control \n                    <\/a>\n<\/td>\n<\/tr><tr>\n<td class=\"entelgy-media__outlet\">Byte TI<\/td>\n<td>\n<a class=\"entelgy-media__link\" href=\"https:\/\/revistabyte.es\/actualidad-it\/ley-de-la-ia-y-las-empresas\/\" rel=\"noopener noreferrer\" target=\"_blank\"> \n                        Un tercio de las grandes empresas espa\u00f1olas no se ha preparado para la Ley de la IA \n                    <\/a>\n<\/td>\n<\/tr><tr>\n<td class=\"entelgy-media__outlet\">Portal ERP<\/td>\n<td>\n<a class=\"entelgy-media__link\" href=\"https:\/\/portalerp.com\/es\/noticia\/un-tercio-de-las-grandes-empresas-espanolas-sigue-sin-prepararse-para-la-ley-de-la-ia\" rel=\"noopener noreferrer\" target=\"_blank\"> \n                        Un tercio de las grandes empresas espa\u00f1olas sigue sin prepararse para la Ley de la IA \n                    <\/a>\n<\/td>\n<\/tr><tr>\n<td class=\"entelgy-media__outlet\">IT User<\/td>\n<td>\n<a class=\"entelgy-media__link\" href=\"https:\/\/www.ituser.es\/actualidad\/2026\/07\/una-de-cada-tres-grandes-empresas-aun-no-ha-adoptado-medidas-para-cumplir-con-el-reglamento-europeo-de-ia\" rel=\"noopener noreferrer\" target=\"_blank\"> \n                        Una de cada tres grandes empresas a\u00fan no ha adoptado medidas para cumplir con el Reglamento Europeo de IA \n                    <\/a>\n<\/td>\n<\/tr><tr>\n<td class=\"entelgy-media__outlet\">MuyCanal<\/td>\n<td>\n<a class=\"entelgy-media__link\" href=\"https:\/\/www.muycanal.com\/2026\/07\/31\/vigor-ley-ai-act\" rel=\"noopener noreferrer\" target=\"_blank\"> \n                        Entra en vigor la ley de AI Act: \u00bfqu\u00e9 tener en cuenta? \n                    <\/a>\n<\/td>\n<\/tr><tr>\n<td class=\"entelgy-media__outlet\">Digital Inside<\/td>\n<td>\n<a class=\"entelgy-media__link\" href=\"https:\/\/digitalinside.es\/un-tercio-de-las-grandes-empresas-espanolas-todavia-no-se-ha-preparado-para-la-ley-de-la-ia\/\" rel=\"noopener noreferrer\" target=\"_blank\"> \n                        Un tercio de las grandes empresas espa\u00f1olas todav\u00eda no se ha preparado para la Ley de la IA \n                    <\/a>\n<\/td>\n<\/tr><tr>\n<td class=\"entelgy-media__outlet\">Cuadernos de Seguridad<\/td>\n<td>\n<a class=\"entelgy-media__link\" href=\"https:\/\/cuadernosdeseguridad.com\/2026\/08\/ia-entelgy\/\" rel=\"noopener noreferrer\" target=\"_blank\"> \n                        Un tercio de las grandes empresas espa\u00f1olas sigue sin prepararse para la Ley de la IA \n                    <\/a>\n<\/td>\n<\/tr><tr>\n<td class=\"entelgy-media__outlet\">ANT-CO<\/td>\n<td>\n<a class=\"entelgy-media__link\" href=\"https:\/\/ant-co.in\/news\/un-tercio-de-las-grandes-empresas-espanolas-no-ha-integrado-ninguna-medida-para-la-ley-de-la-ia-20260731aca72f8f68c99.html\" rel=\"noopener noreferrer\" target=\"_blank\"> \n                        Un tercio de las grandes empresas espa\u00f1olas no ha integrado ninguna medida para la Ley de la IA \n                    <\/a>\n<\/td>\n<\/tr><tr>\n<td class=\"entelgy-media__outlet\">Diario Siglo XXI<\/td>\n<td>\n<a class=\"entelgy-media__link\" href=\"https:\/\/www.diariosigloxxi.com\/texto-ep\/mostrar\/20260731134824\/tercio-grandes-empresas-espanolas-no-integrado-ninguna-medida-ley-ia\" rel=\"noopener noreferrer\" target=\"_blank\"> \n                        Un tercio de las grandes empresas espa\u00f1olas no ha integrado ninguna medida para la Ley de la IA \n                    <\/a>\n<\/td>\n<\/tr><tr>\n<td class=\"entelgy-media__outlet\">Notim\u00e9rica<\/td>\n<td>\n<a class=\"entelgy-media__link\" href=\"https:\/\/www.notimerica.com\/ciencia-tecnologia\/noticia-tercio-grandes-empresas-espanolas-no-integrado-ninguna-medida-ley-ia-20260731134850.html\" rel=\"noopener noreferrer\" target=\"_blank\"> \n                        Un tercio de las grandes empresas espa\u00f1olas no ha integrado ninguna medida para la Ley de la IA \n                    <\/a>\n<\/td>\n<\/tr><tr>\n<td class=\"entelgy-media__outlet\">DirectorTIC<\/td>\n<td>\n<a class=\"entelgy-media__link\" href=\"https:\/\/directortic.es\/noticias\/un-tercio-de-las-grandes-empresas-espanolas-sigue-sin-medidas-ante-la-ley-de-ia-2026072749787.htm\" rel=\"noopener noreferrer\" target=\"_blank\"> \n                        Un tercio de las grandes empresas espa\u00f1olas sigue sin medidas ante la Ley de IA \n                    <\/a>\n<\/td>\n<\/tr><tr>\n<td class=\"entelgy-media__outlet\">AI Talks<\/td>\n<td>\n<a class=\"entelgy-media__link\" href=\"https:\/\/aitalks.es\/un-tercio-de-las-grandes-empresas-espanolas-sigue-sin-prepararse-para-la-ley-de-la-ia\/\" rel=\"noopener noreferrer\" target=\"_blank\"> \n                        Un tercio de las grandes empresas espa\u00f1olas sigue sin prepararse para la Ley de la IA \n                    <\/a>\n<\/td>\n<\/tr><tr>\n<td class=\"entelgy-media__outlet\">Zona Movilidad<\/td>\n<td>\n<a class=\"entelgy-media__link\" href=\"https:\/\/www.zonamovilidad.es\/casi-un-tercio-de-las-grandes-empresas-espanolas-aun-no-esta-preparado-para-la-ley-europea-de-ia\" rel=\"noopener noreferrer\" target=\"_blank\"> \n                        Casi un tercio de las grandes empresas espa\u00f1olas a\u00fan no est\u00e1 preparado para la Ley Europea de IA \n                    <\/a>\n<\/td>\n<\/tr><tr>\n<td class=\"entelgy-media__outlet\">The Objective<\/td>\n<td>\n<a class=\"entelgy-media__link\" href=\"https:\/\/theobjective.com\/tecnologia\/2026-08-05\/europa-multas-15-millones-uso-inteligencia-artificial\/\" rel=\"noopener noreferrer\" target=\"_blank\"> \n                        Europa activa multas de hasta 15 millones por el uso de inteligencia artificial \n                    <\/a>\n<\/td>\n<\/tr><tr>\n<td class=\"entelgy-media__outlet\">N\u00facleo Visual<\/td>\n<td>\n<a class=\"entelgy-media__link\" href=\"https:\/\/nucleovisual.com\/la-ley-europea-de-inteligencia-artificial-entra-en-una-nueva-fase-con-exigencias-de-transparencia\/\" rel=\"noopener noreferrer\" target=\"_blank\"> \n                        La Ley Europea de Inteligencia Artificial entra en una nueva fase con exigencias de transparencia \n                    <\/a>\n<\/td>\n<\/tr><tr>\n<td class=\"entelgy-media__outlet\">Data Center Market<\/td>\n<td>\n<a class=\"entelgy-media__link\" href=\"https:\/\/www.datacentermarket.es\/inteligencia-artificial\/un-tercio-de-las-grandes-empresas-espanolas-no-ha-preparado-la-entrada-en-vigor-de-la-ley-de-ia\/\" rel=\"noopener noreferrer\" target=\"_blank\"> \n                        Un tercio de las grandes empresas espa\u00f1olas no ha preparado la entrada en vigor de la Ley de IA \n                    <\/a>\n<\/td>\n<\/tr><tr>\n<td class=\"entelgy-media__outlet\">ZonaDock<\/td>\n<td>\n<a class=\"entelgy-media__link\" href=\"https:\/\/www.zonadock.com\/2026\/08\/11\/el-reto-de-adaptacion-a-la-ley-de-la-ia-en-empresas-espanolas\/\" rel=\"noopener noreferrer\" target=\"_blank\"> \n                        El reto de adaptaci\u00f3n a la Ley de la IA en empresas espa\u00f1olas \n                    <\/a>\n<\/td>\n<\/tr><tr>\n<td class=\"entelgy-media__outlet\">Tecnoticias<\/td>\n<td>\n<a class=\"entelgy-media__link\" href=\"https:\/\/tecnoticias.es\/inteligencia-artificial\/317-grandes-empresas-espanolas-aun-no-se-adapta-ley-ia\" rel=\"noopener noreferrer\" target=\"_blank\"> \n                        El 31,7 % de las grandes empresas espa\u00f1olas a\u00fan no se adapta a la Ley de IA \n                    <\/a>\n<\/td>\n<\/tr><tr>\n<td class=\"entelgy-media__outlet\">Las Noticias de la IA<\/td>\n<td>\n<a class=\"entelgy-media__link\" href=\"https:\/\/lasnoticiasdelaia.com\/un-tercio-de-grandes-empresas-espanolas-aun-no-se-adapta-a-la-ley-de-ia\/\" rel=\"noopener noreferrer\" target=\"_blank\"> \n                        Un tercio de las grandes empresas espa\u00f1olas a\u00fan no se adapta a la Ley de IA \n                    <\/a>\n<\/td>\n<\/tr><tr>\n<td class=\"entelgy-media__outlet\">Mangas Verdes<\/td>\n<td>\n<a class=\"entelgy-media__link\" href=\"https:\/\/mangasverdes.es\/inteligencia-artificial\/el-317-de-los-ceo-espanoles-aun-no-se-adapta-a-la-ley-de-ia-pese-a-multas-de-hasta-35-millones-de-euros_23696_102.html\" rel=\"noopener noreferrer\" target=\"_blank\"> \n                        El 31,7 % de los CEO espa\u00f1oles a\u00fan no se adapta a la Ley de IA, pese a multas de hasta 35 millones de euros \n                    <\/a>\n<\/td>\n<\/tr><\/tbody>\n<\/table>\n<\/div>\n<p class=\"entelgy-media__note\"> \n    Los enlaces dirigen a las publicaciones originales de cada medio. \n<\/p>\n<\/section>\n","protected":false},"excerpt":{"rendered":"<p>M\u00e1s de una veintena de medios de comunicaci\u00f3n se han hecho eco del estudio de&nbsp;Entelgy&nbsp;sobre la preparaci\u00f3n de las grandes [&hellip;]<\/p>\n","protected":false},"author":4,"featured_media":82246,"comment_status":"closed","ping_status":"closed","sticky":false,"template":"","format":"standard","meta":{"_acf_changed":false,"site-sidebar-layout":"default","site-content-layout":"","ast-site-content-layout":"default","site-content-style":"default","site-sidebar-style":"default","ast-global-header-display":"","ast-banner-title-visibility":"","ast-main-header-display":"","ast-hfb-above-header-display":"","ast-hfb-below-header-display":"","ast-hfb-mobile-header-display":"","site-post-title":"","ast-breadcrumbs-content":"","ast-featured-img":"","footer-sml-layout":"","ast-disable-related-posts":"","theme-transparent-header-meta":"","adv-header-id-meta":"","stick-header-meta":"","header-above-stick-meta":"","header-main-stick-meta":"","header-below-stick-meta":"","astra-migrate-meta-layouts":"default","ast-page-background-enabled":"default","ast-page-background-meta":{"desktop":{"background-color":"var(--ast-global-color-4)","background-image":"","background-repeat":"repeat","background-position":"center center","background-size":"auto","background-attachment":"scroll","background-type":"","background-media":"","overlay-type":"","overlay-color":"","overlay-opacity":"","overlay-gradient":""},"tablet":{"background-color":"","background-image":"","background-repeat":"repeat","background-position":"center center","background-size":"auto","background-attachment":"scroll","background-type":"","background-media":"","overlay-type":"","overlay-color":"","overlay-opacity":"","overlay-gradient":""},"mobile":{"background-color":"","background-image":"","background-repeat":"repeat","background-position":"center center","background-size":"auto","background-attachment":"scroll","background-type":"","background-media":"","overlay-type":"","overlay-color":"","overlay-opacity":"","overlay-gradient":""}},"ast-content-background-meta":{"desktop":{"background-color":"var(--ast-global-color-5)","background-image":"","background-repeat":"repeat","background-position":"center center","background-size":"auto","background-attachment":"scroll","background-type":"","background-media":"","overlay-type":"","overlay-color":"","overlay-opacity":"","overlay-gradient":""},"tablet":{"background-color":"var(--ast-global-color-5)","background-image":"","background-repeat":"repeat","background-position":"center center","background-size":"auto","background-attachment":"scroll","background-type":"","background-media":"","overlay-type":"","overlay-color":"","overlay-opacity":"","overlay-gradient":""},"mobile":{"background-color":"var(--ast-global-color-5)","background-image":"","background-repeat":"repeat","background-position":"center center","background-size":"auto","background-attachment":"scroll","background-type":"","background-media":"","overlay-type":"","overlay-color":"","overlay-opacity":"","overlay-gradient":""}},"footnotes":""},"categories":[40,4703],"tags":[9046,4737,8301,8936],"class_list":["post-82256","post","type-post","status-publish","format-standard","has-post-thumbnail","hentry","category-actualidad-es","category-en-los-medios-es","tag-gobernanza-ia","tag-inteligencia-artificial-es","tag-inteligencia-artificial-adopcion","tag-reglamento-europeo-de-inteligencia-artificial"],"acf":[],"_links":{"self":[{"href":"https:\/\/entelgy.com\/en\/wp-json\/wp\/v2\/posts\/82256","targetHints":{"allow":["GET"]}}],"collection":[{"href":"https:\/\/entelgy.com\/en\/wp-json\/wp\/v2\/posts"}],"about":[{"href":"https:\/\/entelgy.com\/en\/wp-json\/wp\/v2\/types\/post"}],"author":[{"embeddable":true,"href":"https:\/\/entelgy.com\/en\/wp-json\/wp\/v2\/users\/4"}],"replies":[{"embeddable":true,"href":"https:\/\/entelgy.com\/en\/wp-json\/wp\/v2\/comments?post=82256"}],"version-history":[{"count":2,"href":"https:\/\/entelgy.com\/en\/wp-json\/wp\/v2\/posts\/82256\/revisions"}],"predecessor-version":[{"id":82377,"href":"https:\/\/entelgy.com\/en\/wp-json\/wp\/v2\/posts\/82256\/revisions\/82377"}],"wp:featuredmedia":[{"embeddable":true,"href":"https:\/\/entelgy.com\/en\/wp-json\/wp\/v2\/media\/82246"}],"wp:attachment":[{"href":"https:\/\/entelgy.com\/en\/wp-json\/wp\/v2\/media?parent=82256"}],"wp:term":[{"taxonomy":"category","embeddable":true,"href":"https:\/\/entelgy.com\/en\/wp-json\/wp\/v2\/categories?post=82256"},{"taxonomy":"post_tag","embeddable":true,"href":"https:\/\/entelgy.com\/en\/wp-json\/wp\/v2\/tags?post=82256"}],"curies":[{"name":"wp","href":"https:\/\/api.w.org\/{rel}","templated":true}]}}