{"id":31135,"date":"2020-07-15T06:00:00","date_gmt":"2020-07-15T04:00:00","guid":{"rendered":"https:\/\/entelgy.com\/desde-entelgy-en-colombia-nos-cuentan-nuestras-capacidades-en-oracle-peoplesoft\/"},"modified":"2024-11-06T23:35:18","modified_gmt":"2024-11-06T22:35:18","slug":"desde-entelgy-en-colombia-nos-cuentan-nuestras-capacidades-en-oracle-peoplesoft","status":"publish","type":"post","link":"https:\/\/entelgy.com\/en\/sin-categoria\/desde-entelgy-en-colombia-nos-cuentan-nuestras-capacidades-en-oracle-peoplesoft\/","title":{"rendered":"Desde Entelgy en Colombia nos cuentan \u201cnuestras capacidades en Oracle PeopleSoft\u201d"},"content":{"rendered":"<p><img fetchpriority=\"high\" decoding=\"async\" class=\" size-full wp-image-31134\" src=\"https:\/\/entelgy.com\/wp-content\/uploads\/2020\/07\/9cf6587af60389b86936a7084bc380ec.jpg\" alt=\"\" width=\"900\" height=\"506\" srcset=\"https:\/\/entelgy.com\/wp-content\/uploads\/2020\/07\/9cf6587af60389b86936a7084bc380ec.jpg 900w, https:\/\/entelgy.com\/wp-content\/uploads\/2020\/07\/9cf6587af60389b86936a7084bc380ec-300x169.jpg 300w, https:\/\/entelgy.com\/wp-content\/uploads\/2020\/07\/9cf6587af60389b86936a7084bc380ec-768x432.jpg 768w\" sizes=\"(max-width: 900px) 100vw, 900px\" \/><\/p>\n<p><span style=\"font-weight: 400;\">Adri\u00e1n Bernal, Gerente de Delivery en Entelgy Colombia, profundiza en esta entrevista en nuestras capacidades en implantaci\u00f3n, soporte y mantenimiento de la soluci\u00f3n Oracle Peoplesoft.<\/span><\/p>\n<p><!--more--><\/p>\n<h3>Gracias por tu tiempo, Adrian. \u00bfEn qu\u00e9 consiste la soluci\u00f3n Oracle PeopleSoft?<\/h3>\n<p>Es una soluci\u00f3n integral de Oracle dise\u00f1ada para satisfacer los requisitos empresariales m\u00e1s complejos. Aporta soluciones de negocio y de industria que permiten a las organizaciones aumentar la productividad y acelerar el rendimiento del negocio.<\/p>\n<h3>\u00bfQu\u00e9 capacidades en concreto tenemos en Entelgy?<\/h3>\n<p>En Entelgy en Colombia contamos con m\u00e1s de 50 profesionales especializados en la l\u00ednea de PeopleSoft; tanto consultores funcionales y t\u00e9cnicos como administradores de la aplicaci\u00f3n. En concreto, ofrecemos servicios de Implementaci\u00f3n, Soporte y Mantenimiento sobre las aplicaciones de PeopleSoft:<\/p>\n<ul>\n<li>ERP Finanzas y Cadena de Suministro<\/li>\n<li>HCM y N\u00f3mina<\/li>\n<li>Campus Solutions (Acad\u00e9mico)<\/li>\n<\/ul>\n<h3>\u00bfQu\u00e9 destacas de nuestra experiencia en la Soluci\u00f3n de Campus?<\/h3>\n<p>Nuestro gran conocimiento en todo el ciclo de vida del alumno no solo a nivel de soluci\u00f3n sino a nivel de los procesos acad\u00e9micos. La soluci\u00f3n permite cubrir todas las necesidades: reclutamiento, admisiones, auxilio financiero, planificaci\u00f3n acad\u00e9mica, matr\u00edculas y notas, finanzas del alumnado, registro acad\u00e9mico, orientaci\u00f3n acad\u00e9mica y graduaci\u00f3n.<\/p>\n<p>Como ejemplo concreto, en la Universidad de la Sabana fuimos elegidos el mejor socio tecnol\u00f3gico para su proyecto SIGA, proyecto en el que colaboramos muy estrechamente con nuestros partner Oracle, actualmente nos encontramos saliendo a producci\u00f3n con <a href=\"https:\/\/entelgy.com\/el-equipo-de-entelgy-colombia-comienza-fase-ii-del-proyecto-siga-de-la-universidad-de-la-sabana\/\" target=\"_blank\" rel=\"noopener noreferrer\">Campus Solutions en la Universidad de Caldas<\/a>. la cual se convierte en <a href=\"https:\/\/entelgy.com\/entelgy-colombia-colabora-en-el-lanzamiento-del-proyecto-sistema-integrado-de-gestion-academica-y-administrativa-universidad-de-la-sabana\/\" target=\"_blank\" rel=\"noopener noreferrer\">la primera Universidad P\u00fablica en Colombia en adquirir e implementar esta soluci\u00f3n<\/a>.<\/p>\n<h3>Respecto a las otras verticales que nos comentabas, \u00bfen qu\u00e9 tenemos especializaci\u00f3n?<\/h3>\n<p>En nuestra vertical de HCM y N\u00f3mina, me gustar\u00eda destacar nuestro expertise en los m\u00f3dulos de:<\/p>\n<ul>\n<li>Administraci\u00f3n de personal<\/li>\n<li>Control de ausencias<\/li>\n<li>Gesti\u00f3n de posiciones<\/li>\n<li>Compensaci\u00f3n base<\/li>\n<li>N\u00f3mina global<\/li>\n<li>Selecci\u00f3n y reclutamiento<\/li>\n<li>Gesti\u00f3n de perfiles<\/li>\n<li>Formaci\u00f3n<\/li>\n<li>Gesti\u00f3n de desempe\u00f1o<\/li>\n<li>Autoservicio de empleados<\/li>\n<\/ul>\n<p>En cuanto al ERP Financiero, nuestras capacidades son completas en todos los macroprocesos de la Aplicaci\u00f3n, de la Compra al Pago, de la Factura al Recaudo, del Gasto al Pago y del Registro al Reporte, tenemos especialistas en los diferentes m\u00f3dulos como son: Facturaci\u00f3n, Cuentas por Cobrar, Activos Fijos, Cuentas por Pagar, Contabilidad General, Control Presupuestal, Contratos, Inventarios, Tesorer\u00eda, entre otros.<\/p>\n<p>Nuestro Equipo de PeopleSoft adem\u00e1s de ser expertos en las aplicaciones conocen de los procesos de negocio, de esta manera brindamos un servicio de consultor\u00eda integral en los proyectos de implementaci\u00f3n y en nuestros servicios gestionados.<\/p>\n<p>En la actualidad Oracle ha desarrollado una versi\u00f3n cloud (SAAS) para la vertical de HCM y ERP, recientemente hemos hecho la implementaci\u00f3n del ERP Cloud en una de las Entidades Financieras m\u00e1s grandes del pa\u00eds para dar cubrimiento de la norma IFRS16, de esta forma estamos ampliando nuestra experiencia y capacidad no solo en PeopleSoft sino en las aplicaciones Cloud de Oracle.<\/p>\n<h3>\u00bfEn qu\u00e9 sectores de actividad tenemos referencias?<\/h3>\n<p>Primero de todo quiero resaltar las sinergias que tenemos en estas soluciones, lo que nos permite ofrecer servicios no s\u00f3lo en Colombia, sino conjuntamente en otros pa\u00edses como Chile, Argentina y Ecuador.<\/p>\n<p>Adem\u00e1s de la Universidad de la Sabana y la Universidad de Caldas que ya he mencionado, contamos con importantes casos de \u00e9xito en el mundo acad\u00e9mico, en varias universidades de Colombia y de Chile de prestigio. Tambi\u00e9n en el sector financiero, asegurador y de retail.<\/p>\n","protected":false},"excerpt":{"rendered":"<p>Adri\u00e1n Bernal, Gerente de Delivery en Entelgy Colombia, profundiza en esta entrevista en nuestras capacidades en implantaci\u00f3n, soporte y mantenimiento [&hellip;]<\/p>\n","protected":false},"author":4,"featured_media":31134,"comment_status":"closed","ping_status":"","sticky":false,"template":"","format":"standard","meta":{"_acf_changed":false,"rank_math_lock_modified_date":false,"site-sidebar-layout":"default","site-content-layout":"","ast-site-content-layout":"","site-content-style":"default","site-sidebar-style":"default","ast-global-header-display":"","ast-banner-title-visibility":"","ast-main-header-display":"","ast-hfb-above-header-display":"","ast-hfb-below-header-display":"","ast-hfb-mobile-header-display":"","site-post-title":"","ast-breadcrumbs-content":"","ast-featured-img":"","footer-sml-layout":"","theme-transparent-header-meta":"","adv-header-id-meta":"","stick-header-meta":"","header-above-stick-meta":"","header-main-stick-meta":"","header-below-stick-meta":"","astra-migrate-meta-layouts":"default","ast-page-background-enabled":"default","ast-page-background-meta":{"desktop":{"background-color":"var(--ast-global-color-4)","background-image":"","background-repeat":"repeat","background-position":"center center","background-size":"auto","background-attachment":"scroll","background-type":"","background-media":"","overlay-type":"","overlay-color":"","overlay-opacity":"","overlay-gradient":""},"tablet":{"background-color":"","background-image":"","background-repeat":"repeat","background-position":"center center","background-size":"auto","background-attachment":"scroll","background-type":"","background-media":"","overlay-type":"","overlay-color":"","overlay-opacity":"","overlay-gradient":""},"mobile":{"background-color":"","background-image":"","background-repeat":"repeat","background-position":"center center","background-size":"auto","background-attachment":"scroll","background-type":"","background-media":"","overlay-type":"","overlay-color":"","overlay-opacity":"","overlay-gradient":""}},"ast-content-background-meta":{"desktop":{"background-color":"var(--ast-global-color-5)","background-image":"","background-repeat":"repeat","background-position":"center center","background-size":"auto","background-attachment":"scroll","background-type":"","background-media":"","overlay-type":"","overlay-color":"","overlay-opacity":"","overlay-gradient":""},"tablet":{"background-color":"var(--ast-global-color-5)","background-image":"","background-repeat":"repeat","background-position":"center center","background-size":"auto","background-attachment":"scroll","background-type":"","background-media":"","overlay-type":"","overlay-color":"","overlay-opacity":"","overlay-gradient":""},"mobile":{"background-color":"var(--ast-global-color-5)","background-image":"","background-repeat":"repeat","background-position":"center center","background-size":"auto","background-attachment":"scroll","background-type":"","background-media":"","overlay-type":"","overlay-color":"","overlay-opacity":"","overlay-gradient":""}},"footnotes":""},"categories":[21],"tags":[7842,4687,4745,7420,7844,7846],"class_list":["post-31135","post","type-post","status-publish","format-standard","has-post-thumbnail","hentry","category-sin-categoria","tag-campus-solutions-es","tag-entelgy-es","tag-entelgy-en-colombia-es","tag-oracle-es","tag-peoplesoft-es","tag-universidad-de-caldas-es"],"acf":[],"_links":{"self":[{"href":"https:\/\/entelgy.com\/en\/wp-json\/wp\/v2\/posts\/31135","targetHints":{"allow":["GET"]}}],"collection":[{"href":"https:\/\/entelgy.com\/en\/wp-json\/wp\/v2\/posts"}],"about":[{"href":"https:\/\/entelgy.com\/en\/wp-json\/wp\/v2\/types\/post"}],"author":[{"embeddable":true,"href":"https:\/\/entelgy.com\/en\/wp-json\/wp\/v2\/users\/4"}],"replies":[{"embeddable":true,"href":"https:\/\/entelgy.com\/en\/wp-json\/wp\/v2\/comments?post=31135"}],"version-history":[{"count":0,"href":"https:\/\/entelgy.com\/en\/wp-json\/wp\/v2\/posts\/31135\/revisions"}],"wp:featuredmedia":[{"embeddable":true,"href":"https:\/\/entelgy.com\/en\/wp-json\/wp\/v2\/media\/31134"}],"wp:attachment":[{"href":"https:\/\/entelgy.com\/en\/wp-json\/wp\/v2\/media?parent=31135"}],"wp:term":[{"taxonomy":"category","embeddable":true,"href":"https:\/\/entelgy.com\/en\/wp-json\/wp\/v2\/categories?post=31135"},{"taxonomy":"post_tag","embeddable":true,"href":"https:\/\/entelgy.com\/en\/wp-json\/wp\/v2\/tags?post=31135"}],"curies":[{"name":"wp","href":"https:\/\/api.w.org\/{rel}","templated":true}]}}