{"id":30891,"date":"2020-03-19T17:00:00","date_gmt":"2020-03-19T16:00:00","guid":{"rendered":"https:\/\/entelgy.com\/descubre-los-secretos-del-5g-con-la-voz-de-nuestros-expertos\/"},"modified":"2024-11-06T23:35:47","modified_gmt":"2024-11-06T22:35:47","slug":"descubre-los-secretos-del-5g-con-la-voz-de-nuestros-expertos","status":"publish","type":"post","link":"https:\/\/entelgy.com\/en\/sin-categoria\/descubre-los-secretos-del-5g-con-la-voz-de-nuestros-expertos\/","title":{"rendered":"Descubre los secretos del 5G con &#8220;La voz de nuestros expertos&#8221;"},"content":{"rendered":"<p><img fetchpriority=\"high\" decoding=\"async\" class=\" size-full wp-image-30890\" src=\"https:\/\/entelgy.com\/wp-content\/uploads\/2020\/03\/a6e42dc6dabbeefeecac1906d68cd1aa.jpg\" alt=\"\" width=\"900\" height=\"506\" srcset=\"https:\/\/entelgy.com\/wp-content\/uploads\/2020\/03\/a6e42dc6dabbeefeecac1906d68cd1aa.jpg 900w, https:\/\/entelgy.com\/wp-content\/uploads\/2020\/03\/a6e42dc6dabbeefeecac1906d68cd1aa-300x169.jpg 300w, https:\/\/entelgy.com\/wp-content\/uploads\/2020\/03\/a6e42dc6dabbeefeecac1906d68cd1aa-768x432.jpg 768w\" sizes=\"(max-width: 900px) 100vw, 900px\" \/><\/p>\n<p>Pedro Gala, Director de Sector Telco &amp; Media de Entelgy, participa en &#8220;La voz de nuestros expertos&#8221; para desvelarnos las claves del 5G que veremos en los pr\u00f3ximos a\u00f1os.\u00a0<\/p>\n<p><!--more--><\/p>\n<p>Esta <strong>nueva tecnolog\u00eda m\u00f3vil<\/strong>\u00a0aumentar\u00e1 la velocidad de conexi\u00f3n, reducir\u00e1 al m\u00ednimo la latencia y multiplicar\u00e1 exponencialmente el n\u00famero de dispositivos conectados. En otras palabras: estaremos conectados<strong> a todo<\/strong>, <strong>todo el d\u00eda<\/strong>, y en el <strong>menor tiempo posible<\/strong>.<\/p>\n<\/p>\n<h4>\u00a1Descubre con Pedro Gala los secretos del 5G!<\/h4>\n<\/p>\n<div class=\"k2_video\">\n<div class=\"ast-oembed-container \" style=\"height: 100%;\"><iframe title=\"Las claves del 5G\" width=\"500\" height=\"281\" src=\"https:\/\/www.youtube.com\/embed\/LPUw4Jgp2_w?feature=oembed\" frameborder=\"0\" allow=\"accelerometer; autoplay; clipboard-write; encrypted-media; gyroscope; picture-in-picture; web-share\" referrerpolicy=\"strict-origin-when-cross-origin\" allowfullscreen><\/iframe><\/div>\n<\/div>\n","protected":false},"excerpt":{"rendered":"<p>Pedro Gala, Director de Sector Telco &amp; Media de Entelgy, participa en &#8220;La voz de nuestros expertos&#8221; para desvelarnos las [&hellip;]<\/p>\n","protected":false},"author":4,"featured_media":30890,"comment_status":"closed","ping_status":"","sticky":false,"template":"","format":"standard","meta":{"_acf_changed":false,"rank_math_lock_modified_date":false,"site-sidebar-layout":"default","site-content-layout":"","ast-site-content-layout":"","site-content-style":"default","site-sidebar-style":"default","ast-global-header-display":"","ast-banner-title-visibility":"","ast-main-header-display":"","ast-hfb-above-header-display":"","ast-hfb-below-header-display":"","ast-hfb-mobile-header-display":"","site-post-title":"","ast-breadcrumbs-content":"","ast-featured-img":"","footer-sml-layout":"","theme-transparent-header-meta":"","adv-header-id-meta":"","stick-header-meta":"","header-above-stick-meta":"","header-main-stick-meta":"","header-below-stick-meta":"","astra-migrate-meta-layouts":"default","ast-page-background-enabled":"default","ast-page-background-meta":{"desktop":{"background-color":"var(--ast-global-color-4)","background-image":"","background-repeat":"repeat","background-position":"center center","background-size":"auto","background-attachment":"scroll","background-type":"","background-media":"","overlay-type":"","overlay-color":"","overlay-opacity":"","overlay-gradient":""},"tablet":{"background-color":"","background-image":"","background-repeat":"repeat","background-position":"center center","background-size":"auto","background-attachment":"scroll","background-type":"","background-media":"","overlay-type":"","overlay-color":"","overlay-opacity":"","overlay-gradient":""},"mobile":{"background-color":"","background-image":"","background-repeat":"repeat","background-position":"center center","background-size":"auto","background-attachment":"scroll","background-type":"","background-media":"","overlay-type":"","overlay-color":"","overlay-opacity":"","overlay-gradient":""}},"ast-content-background-meta":{"desktop":{"background-color":"var(--ast-global-color-5)","background-image":"","background-repeat":"repeat","background-position":"center center","background-size":"auto","background-attachment":"scroll","background-type":"","background-media":"","overlay-type":"","overlay-color":"","overlay-opacity":"","overlay-gradient":""},"tablet":{"background-color":"var(--ast-global-color-5)","background-image":"","background-repeat":"repeat","background-position":"center center","background-size":"auto","background-attachment":"scroll","background-type":"","background-media":"","overlay-type":"","overlay-color":"","overlay-opacity":"","overlay-gradient":""},"mobile":{"background-color":"var(--ast-global-color-5)","background-image":"","background-repeat":"repeat","background-position":"center center","background-size":"auto","background-attachment":"scroll","background-type":"","background-media":"","overlay-type":"","overlay-color":"","overlay-opacity":"","overlay-gradient":""}},"footnotes":""},"categories":[21],"tags":[4805,4687,4711,5123,7856,7888,4981,7892,7894],"class_list":["post-30891","post","type-post","status-publish","format-standard","has-post-thumbnail","hentry","category-sin-categoria","tag-5g","tag-entelgy-es","tag-ia-es","tag-iot-es","tag-media-es","tag-mobile-es","tag-telecomunicaciones-es","tag-telefonos-es","tag-videos-es"],"acf":[],"_links":{"self":[{"href":"https:\/\/entelgy.com\/en\/wp-json\/wp\/v2\/posts\/30891","targetHints":{"allow":["GET"]}}],"collection":[{"href":"https:\/\/entelgy.com\/en\/wp-json\/wp\/v2\/posts"}],"about":[{"href":"https:\/\/entelgy.com\/en\/wp-json\/wp\/v2\/types\/post"}],"author":[{"embeddable":true,"href":"https:\/\/entelgy.com\/en\/wp-json\/wp\/v2\/users\/4"}],"replies":[{"embeddable":true,"href":"https:\/\/entelgy.com\/en\/wp-json\/wp\/v2\/comments?post=30891"}],"version-history":[{"count":0,"href":"https:\/\/entelgy.com\/en\/wp-json\/wp\/v2\/posts\/30891\/revisions"}],"wp:featuredmedia":[{"embeddable":true,"href":"https:\/\/entelgy.com\/en\/wp-json\/wp\/v2\/media\/30890"}],"wp:attachment":[{"href":"https:\/\/entelgy.com\/en\/wp-json\/wp\/v2\/media?parent=30891"}],"wp:term":[{"taxonomy":"category","embeddable":true,"href":"https:\/\/entelgy.com\/en\/wp-json\/wp\/v2\/categories?post=30891"},{"taxonomy":"post_tag","embeddable":true,"href":"https:\/\/entelgy.com\/en\/wp-json\/wp\/v2\/tags?post=30891"}],"curies":[{"name":"wp","href":"https:\/\/api.w.org\/{rel}","templated":true}]}}