{"id":27091,"date":"2016-03-13T23:00:00","date_gmt":"2016-03-13T22:00:00","guid":{"rendered":"https:\/\/entelgy.com\/la-tribuna-de-los-profesionales-entelgy-internet-de-las-cosas-con-arduino\/"},"modified":"2024-11-06T23:44:09","modified_gmt":"2024-11-06T22:44:09","slug":"la-tribuna-de-los-profesionales-entelgy-internet-de-las-cosas-con-arduino","status":"publish","type":"post","link":"https:\/\/entelgy.com\/en\/sin-categoria\/la-tribuna-de-los-profesionales-entelgy-internet-de-las-cosas-con-arduino\/","title":{"rendered":"La \u201cTribuna de los Profesionales Entelgy\u201d: Internet de las Cosas con Arduino"},"content":{"rendered":"<img decoding=\"async\" class=\" size-full wp-image-27087\" src=\"https:\/\/entelgy.com\/wp-content\/uploads\/2016\/03\/c4b6c7d15fe4a291c4d87de550e933c0.jpg\" alt=\"\" class=\"caption\" title=\"La \u201cTribuna de los Profesionales Entelgy\u201d: Internet de las Cosas con Arduino\" width=\"172\" height=\"149\" \/>\n<div class=\"post_wp\">\n<h1 ><strong><a href=\"https:\/\/entelgy.com\/internet-de-las-cosas\/\" target=\"_blank\" rel=\"attachment wp-att-17770 noopener\"><img decoding=\"async\" class=\"alignright wp-image-17770 size-full\" title=\"Internet de las Cosas\" src=\"https:\/\/entelgy.com\/wp-content\/uploads\/2016\/03\/Internet-de-las-Cosas.jpg\" alt=\"Internet de las Cosas\" width=\"172\" height=\"149\" \/><\/a>Internet de las Cosas con Arduino<\/strong><\/h1>\n<h1 ><strong><em>vivir en espacios inteligentes<\/em><\/strong><\/h1>\n<p ><span ><em>\u00a0<\/em><em>Esta interesante tribuna es fruto de la colaboraci\u00f3n entre nuestros compa\u00f1eros de<\/em><em>\u00a0<\/em><strong><em>Entelgy<\/em><\/strong><em>: Mar Aguado, Jorge Herrero, David Menor, Asia L\u00f3pez, Maria Jes\u00fas March\u00e1n, Marta Dom\u00ednguez<\/em><\/span><\/p>\n<p ><strong>Los escenarios que nos rodean<\/strong>, en el hogar, en la oficina, en la ciudad\u2026 <strong>est\u00e1n cambiando<\/strong> y lo hacen <strong>obedeciendo a un criterio de convertirse en entornos inteligentes<\/strong>, <strong>m\u00e1s activos <\/strong>y lo hacen <strong>conectados<\/strong>, recogiendo informaci\u00f3n del entorno mediante sensores, informando y tomando decisiones para conseguir hacer m\u00e1s habitables y confortables los ecosistemas que nos rodean.<\/p>\n<p >Esto es lo que el <strong>IoT<\/strong> (<em>Internet of Things<\/em>) persigue, permitiendo una lectura de la realidad que nos rodea, transform\u00e1ndolo en variables digitales y con esa informaci\u00f3n valiosa que nos rodea, <strong>poner en nuestra mano soluciones y aplicaciones que nos permitan cambiar y acondicionar este entorno pr\u00f3ximo en modelos de confort<\/strong>.<\/p>\n<p >Son muchos los fabricantes l\u00edderes que ya han\u00a0 interiorizado esta realidad y est\u00e1n trabajando en prototipos y soluciones de mercado, dispositivos en nuestros edificios, hospitales, espacios comunes en nuestras ciudades que las hacen m\u00e1s inteligentes.<\/p>\n<p >Las cifras que acompa\u00f1an este cambio indican necesariamente hacerlo mediante modelos abiertos, universalizando estos espacios, donde ya en este pasado a\u00f1o 2015 se previ\u00f3 que <strong>existen m\u00e1s de 50.000 millones de dispositivos que trasladan realidades que nos rodean y conectados a internet<\/strong>,\u00a0 resuelven y aportan nuevas soluciones y funcionalidades que potencian el uso de los espacios, muy orientado a ser gobernados por dispositivos m\u00f3viles, tel\u00e9fonos y tablets que se convierten en mandos y aplicaciones para hacer uso responsable.<\/p>\n<p ><strong>Es posible innovar y es posible hacerlo desde una aproximaci\u00f3n de un escenario tecnol\u00f3gico participativo donde la inversi\u00f3n en I+D+I no es un factor previo y deja de ser una barrera<\/strong>, <strong>aprovechando el conocimiento aplicado y puesto a disposici\u00f3n de todos<\/strong>.<\/p>\n<blockquote>\n<h3 >\n<div class=\"clearfix box grey rounded\"><strong><a href=\"\/actualidad\/la-tribuna-de-los-profesionales-entelgy-internet-de-las-cosas-con-arduino\/internet-de-las-cosas-con-arduino\/\" target=\"_blank\" rel=\"attachment wp-att-17771 noopener\"><img decoding=\"async\" class=\"alignleft wp-image-17771 size-full\" title=\"Internet de las Cosas con Arduino\" src=\"https:\/\/entelgy.com\/wp-content\/uploads\/2016\/03\/Internet-de-las-Cosas-con-Arduino.jpg\" alt=\"Internet de las Cosas con Arduino\" width=\"82\" height=\"53\" \/><\/a><\/strong>Igual que existe Software Libre, tambi\u00e9n existe Hardware Libre, y eso es precisamente <strong>Arduino<\/strong>, <strong>una plataforma con un microcontrolador y un entorno abierto de desarrollo dise\u00f1ado para facilitar el uso de la electr\u00f3nica aplicada<\/strong>.<\/h3>\n<p >Si unimos las ventajas que nos aporta <strong>Arduino<\/strong> para recoger se\u00f1ales del mundo que nos rodea, para enviarlas a internet, con ellas tomar decisiones y ello presentado y consumido desde un entorno de movilidad en la palma de la mano de los ciudadanos, estamos ofreciendo un <strong>modelo muy sencillo para alcanzar grandes soluciones donde se simplifica la barrera de la complejidad tecnol\u00f3gica<\/strong>, siendo un marco excelente para que la \u00fanica limitaci\u00f3n sea la imaginaci\u00f3n de los t\u00e9cnicos y de aficionados que quieran innovar. Es un nicho donde hacer brillar la excelencia de las ideas aplicadas y el DIY (<em>Do It Yourself<\/em>).<\/p>\n<p >Con <strong>Arduino<\/strong> <strong>es posible de manera muy simple capturar<\/strong> valores de presi\u00f3n, humedad, temperatura, posici\u00f3n, luminosidad, presencia, c\u00e1maras\u2026 <strong>cualquier variable de la realidad que nos rodea y enviar esa informaci\u00f3n a un servidor en internet<\/strong>.<\/p>\n<p >Con esa informaci\u00f3n es posible construir aplicaciones m\u00f3viles que permiten acondicionar una respuesta de nuestro entorno enviando se\u00f1ales a motores, actuadores, pantallas, servos\u2026 cualquier elemento de control que adapte la realidad a las nuestra demanda.<\/p>\n<p >Con ello <strong>es posible construir soluciones como las siguientes<\/strong>:<\/p>\n<ul>\n<li>Sistemas de acondicionamiento clim\u00e1tico para espacios comunes.<\/li>\n<li>Monitorizaci\u00f3n, control de seguridad y vigilancia.<\/li>\n<li>Control de tr\u00e1fico y soluciones para <em>Smart Cities<\/em>.<\/li>\n<li>Soluciones <em>wearables<\/em>, ropa inteligente que responde al estado de \u00e1nimo o condiciones f\u00edsicas.<\/li>\n<li>Aplicaciones de emergencia y atenci\u00f3n de colectivos especiales.<\/li>\n<li>Entornos de inteligencia artificial y dom\u00f3tica.<\/li>\n<li>Rob\u00f3tica aplicada a procesos industriales.<\/li>\n<li>Iteraci\u00f3n con cualquier dispositivo electr\u00f3nico que nos rodea.<br \/>\n<h3 ><\/div>\n<\/h3>\n<\/li>\n<\/ul>\n<p><a href=\"\/actualidad\/la-tribuna-de-los-profesionales-entelgy-internet-de-las-cosas-con-arduino\/internet-de-las-cosas-vivir-en-espacios-inteligentes\/\" target=\"_blank\" rel=\"attachment wp-att-17773 noopener\"><img loading=\"lazy\" decoding=\"async\" class=\"aligncenter wp-image-17773 size-full\" title=\"Internet de las Cosas - vivir en espacios inteligentes\" src=\"https:\/\/entelgy.com\/wp-content\/uploads\/2016\/03\/Internet-de-las-Cosas-vivir-en-espacios-inteligentes.jpg\" alt=\"Internet de las Cosas - vivir en espacios inteligentes\" width=\"425\" height=\"237\" \/><\/a><\/p><\/blockquote>\n<p >En <span ><strong>Entelgy<\/strong><\/span>, <strong>disponemos de este conocimiento<\/strong>, <strong>experiencia<\/strong> y <strong>dominio aplicado para resolver estas soluciones<\/strong> donde invitamos a todos a conocerlas y sobre todo a aportar nuevas ideas, ofreciendo nuestro acompa\u00f1amiento para hacerlas realidad y construirlas juntos.<\/p>\n<h3><span ><strong>Gracias Mar, Jorge, David, Asia, Maria Jes\u00fas y Marta.<\/strong><\/span><\/h3>\n<h3 >\n<div class=\"clearfix box grey rounded\">Os recordamos que esta secci\u00f3n est\u00e1 abierta a todos. \u00bfOs anim\u00e1is?\u00a0P\u00f3deis enviarnos vuestras aportaciones a nuestro correo electr\u00f3nico<\/span>\u00a0<\/strong><a href=\"mailto:blog@entelgy.com\" target=\"_blank\" rel=\"noopener\"><strong>blog@entelgy.com<\/strong><\/a>.<\/div>\n<\/h3>\n<p ><strong>Otras tribunas de los Profesionales Entelgy publicadas:<\/strong><\/p>\n<ul >\n<li><a href=\"https:\/\/entelgy.com\/innovacion-big-data-internet-de-las-cosas-y-las-tecnologias-disruptivas\/\" target=\"_blank\" rel=\"noopener\"><em>Innovaci\u00f3n, Big Data, Internet de las Cosas y las tecnolog\u00edas disruptivas<\/em><\/a><\/li>\n<li><a href=\"https:\/\/entelgy.com\/la-tribuna-de-los-profesionales-entelgy-sonando-con-un-ferrari\/\" target=\"_blank\" rel=\"noopener\"><em>So\u00f1ando con un Ferrari\u2026<\/em><\/a><\/li>\n<li><em><a href=\"https:\/\/entelgy.com\/la-tribuna-de-los-profesionales-entelgy-un-mundo-sin-papel\/\" target=\"_blank\" rel=\"noopener\">La \u201cTribuna de los Profesionales Entelgy\u201d: Un mundo sin papel\u2026<\/a><\/em><\/li>\n<\/ul>\n<\/div>\n<p><!--more--><\/p>\n<div class=\"post_wp\">\n<h1 ><strong><a href=\"https:\/\/entelgy.com\/internet-de-las-cosas\/\" target=\"_blank\" rel=\"attachment wp-att-17770 noopener\"><img decoding=\"async\" class=\"alignright wp-image-17770 size-full\" title=\"Internet de las Cosas\" src=\"https:\/\/entelgy.com\/wp-content\/uploads\/2016\/03\/Internet-de-las-Cosas.jpg\" alt=\"Internet de las Cosas\" width=\"172\" height=\"149\" \/><\/a>Internet de las Cosas con Arduino<\/strong><\/h1>\n<h1 ><strong><em>vivir en espacios inteligentes<\/em><\/strong><\/h1>\n<p ><span ><em>\u00a0<\/em><em>Esta interesante tribuna es fruto de la colaboraci\u00f3n entre nuestros compa\u00f1eros de<\/em><em>\u00a0<\/em><strong><em>Entelgy<\/em><\/strong><em>: Mar Aguado, Jorge Herrero, David Menor, Asia L\u00f3pez, Maria Jes\u00fas March\u00e1n, Marta Dom\u00ednguez<\/em><\/span><\/p>\n<p ><strong>Los escenarios que nos rodean<\/strong>, en el hogar, en la oficina, en la ciudad\u2026 <strong>est\u00e1n cambiando<\/strong> y lo hacen <strong>obedeciendo a un criterio de convertirse en entornos inteligentes<\/strong>, <strong>m\u00e1s activos <\/strong>y lo hacen <strong>conectados<\/strong>, recogiendo informaci\u00f3n del entorno mediante sensores, informando y tomando decisiones para conseguir hacer m\u00e1s habitables y confortables los ecosistemas que nos rodean.<\/p>\n<p >Esto es lo que el <strong>IoT<\/strong> (<em>Internet of Things<\/em>) persigue, permitiendo una lectura de la realidad que nos rodea, transform\u00e1ndolo en variables digitales y con esa informaci\u00f3n valiosa que nos rodea, <strong>poner en nuestra mano soluciones y aplicaciones que nos permitan cambiar y acondicionar este entorno pr\u00f3ximo en modelos de confort<\/strong>.<\/p>\n<p >Son muchos los fabricantes l\u00edderes que ya han\u00a0 interiorizado esta realidad y est\u00e1n trabajando en prototipos y soluciones de mercado, dispositivos en nuestros edificios, hospitales, espacios comunes en nuestras ciudades que las hacen m\u00e1s inteligentes.<\/p>\n<p >Las cifras que acompa\u00f1an este cambio indican necesariamente hacerlo mediante modelos abiertos, universalizando estos espacios, donde ya en este pasado a\u00f1o 2015 se previ\u00f3 que <strong>existen m\u00e1s de 50.000 millones de dispositivos que trasladan realidades que nos rodean y conectados a internet<\/strong>,\u00a0 resuelven y aportan nuevas soluciones y funcionalidades que potencian el uso de los espacios, muy orientado a ser gobernados por dispositivos m\u00f3viles, tel\u00e9fonos y tablets que se convierten en mandos y aplicaciones para hacer uso responsable.<\/p>\n<p ><strong>Es posible innovar y es posible hacerlo desde una aproximaci\u00f3n de un escenario tecnol\u00f3gico participativo donde la inversi\u00f3n en I+D+I no es un factor previo y deja de ser una barrera<\/strong>, <strong>aprovechando el conocimiento aplicado y puesto a disposici\u00f3n de todos<\/strong>.<\/p>\n<blockquote>\n<h3 >\n<div class=\"clearfix box grey rounded\"><strong><a href=\"\/actualidad\/la-tribuna-de-los-profesionales-entelgy-internet-de-las-cosas-con-arduino\/internet-de-las-cosas-con-arduino\/\" target=\"_blank\" rel=\"attachment wp-att-17771 noopener\"><img decoding=\"async\" class=\"alignleft wp-image-17771 size-full\" title=\"Internet de las Cosas con Arduino\" src=\"https:\/\/entelgy.com\/wp-content\/uploads\/2016\/03\/Internet-de-las-Cosas-con-Arduino.jpg\" alt=\"Internet de las Cosas con Arduino\" width=\"82\" height=\"53\" \/><\/a><\/strong>Igual que existe Software Libre, tambi\u00e9n existe Hardware Libre, y eso es precisamente <strong>Arduino<\/strong>, <strong>una plataforma con un microcontrolador y un entorno abierto de desarrollo dise\u00f1ado para facilitar el uso de la electr\u00f3nica aplicada<\/strong>.<\/h3>\n<p >Si unimos las ventajas que nos aporta <strong>Arduino<\/strong> para recoger se\u00f1ales del mundo que nos rodea, para enviarlas a internet, con ellas tomar decisiones y ello presentado y consumido desde un entorno de movilidad en la palma de la mano de los ciudadanos, estamos ofreciendo un <strong>modelo muy sencillo para alcanzar grandes soluciones donde se simplifica la barrera de la complejidad tecnol\u00f3gica<\/strong>, siendo un marco excelente para que la \u00fanica limitaci\u00f3n sea la imaginaci\u00f3n de los t\u00e9cnicos y de aficionados que quieran innovar. Es un nicho donde hacer brillar la excelencia de las ideas aplicadas y el DIY (<em>Do It Yourself<\/em>).<\/p>\n<p >Con <strong>Arduino<\/strong> <strong>es posible de manera muy simple capturar<\/strong> valores de presi\u00f3n, humedad, temperatura, posici\u00f3n, luminosidad, presencia, c\u00e1maras\u2026 <strong>cualquier variable de la realidad que nos rodea y enviar esa informaci\u00f3n a un servidor en internet<\/strong>.<\/p>\n<p >Con esa informaci\u00f3n es posible construir aplicaciones m\u00f3viles que permiten acondicionar una respuesta de nuestro entorno enviando se\u00f1ales a motores, actuadores, pantallas, servos\u2026 cualquier elemento de control que adapte la realidad a las nuestra demanda.<\/p>\n<p >Con ello <strong>es posible construir soluciones como las siguientes<\/strong>:<\/p>\n<ul>\n<li>Sistemas de acondicionamiento clim\u00e1tico para espacios comunes.<\/li>\n<li>Monitorizaci\u00f3n, control de seguridad y vigilancia.<\/li>\n<li>Control de tr\u00e1fico y soluciones para <em>Smart Cities<\/em>.<\/li>\n<li>Soluciones <em>wearables<\/em>, ropa inteligente que responde al estado de \u00e1nimo o condiciones f\u00edsicas.<\/li>\n<li>Aplicaciones de emergencia y atenci\u00f3n de colectivos especiales.<\/li>\n<li>Entornos de inteligencia artificial y dom\u00f3tica.<\/li>\n<li>Rob\u00f3tica aplicada a procesos industriales.<\/li>\n<li>Iteraci\u00f3n con cualquier dispositivo electr\u00f3nico que nos rodea.<br \/>\n<h3 ><\/div>\n<\/h3>\n<\/li>\n<\/ul>\n<p><a href=\"\/actualidad\/la-tribuna-de-los-profesionales-entelgy-internet-de-las-cosas-con-arduino\/internet-de-las-cosas-vivir-en-espacios-inteligentes\/\" target=\"_blank\" rel=\"attachment wp-att-17773 noopener\"><img loading=\"lazy\" decoding=\"async\" class=\"aligncenter wp-image-17773 size-full\" title=\"Internet de las Cosas - vivir en espacios inteligentes\" src=\"https:\/\/entelgy.com\/wp-content\/uploads\/2016\/03\/Internet-de-las-Cosas-vivir-en-espacios-inteligentes.jpg\" alt=\"Internet de las Cosas - vivir en espacios inteligentes\" width=\"425\" height=\"237\" \/><\/a><\/p><\/blockquote>\n<p >En <span ><strong>Entelgy<\/strong><\/span>, <strong>disponemos de este conocimiento<\/strong>, <strong>experiencia<\/strong> y <strong>dominio aplicado para resolver estas soluciones<\/strong> donde invitamos a todos a conocerlas y sobre todo a aportar nuevas ideas, ofreciendo nuestro acompa\u00f1amiento para hacerlas realidad y construirlas juntos.<\/p>\n<h3><span ><strong>Gracias Mar, Jorge, David, Asia, Maria Jes\u00fas y Marta.<\/strong><\/span><\/h3>\n<h3 >\n<div class=\"clearfix box grey rounded\">Os recordamos que esta secci\u00f3n est\u00e1 abierta a todos. \u00bfOs anim\u00e1is?\u00a0P\u00f3deis enviarnos vuestras aportaciones a nuestro correo electr\u00f3nico<\/span>\u00a0<\/strong><a href=\"mailto:blog@entelgy.com\" target=\"_blank\" rel=\"noopener\"><strong>blog@entelgy.com<\/strong><\/a>.<\/div>\n<\/h3>\n<p ><strong>Otras tribunas de los Profesionales Entelgy publicadas:<\/strong><\/p>\n<ul >\n<li><a href=\"https:\/\/entelgy.com\/innovacion-big-data-internet-de-las-cosas-y-las-tecnologias-disruptivas\/\" target=\"_blank\" rel=\"noopener\"><em>Innovaci\u00f3n, Big Data, Internet de las Cosas y las tecnolog\u00edas disruptivas<\/em><\/a><\/li>\n<li><a href=\"https:\/\/entelgy.com\/la-tribuna-de-los-profesionales-entelgy-sonando-con-un-ferrari\/\" target=\"_blank\" rel=\"noopener\"><em>So\u00f1ando con un Ferrari\u2026<\/em><\/a><\/li>\n<li><em><a href=\"https:\/\/entelgy.com\/la-tribuna-de-los-profesionales-entelgy-un-mundo-sin-papel\/\" target=\"_blank\" rel=\"noopener\">La \u201cTribuna de los Profesionales Entelgy\u201d: Un mundo sin papel\u2026<\/a><\/em><\/li>\n<\/ul>\n<\/div>\n","protected":false},"excerpt":{"rendered":"<p>Internet de las Cosas con Arduino vivir en espacios inteligentes \u00a0Esta interesante tribuna es fruto de la colaboraci\u00f3n entre nuestros [&hellip;]<\/p>\n","protected":false},"author":4,"featured_media":27087,"comment_status":"open","ping_status":"open","sticky":false,"template":"","format":"standard","meta":{"_acf_changed":false,"rank_math_lock_modified_date":false,"site-sidebar-layout":"default","site-content-layout":"","ast-site-content-layout":"","site-content-style":"default","site-sidebar-style":"default","ast-global-header-display":"","ast-banner-title-visibility":"","ast-main-header-display":"","ast-hfb-above-header-display":"","ast-hfb-below-header-display":"","ast-hfb-mobile-header-display":"","site-post-title":"","ast-breadcrumbs-content":"","ast-featured-img":"","footer-sml-layout":"","theme-transparent-header-meta":"","adv-header-id-meta":"","stick-header-meta":"","header-above-stick-meta":"","header-main-stick-meta":"","header-below-stick-meta":"","astra-migrate-meta-layouts":"default","ast-page-background-enabled":"default","ast-page-background-meta":{"desktop":{"background-color":"var(--ast-global-color-4)","background-image":"","background-repeat":"repeat","background-position":"center center","background-size":"auto","background-attachment":"scroll","background-type":"","background-media":"","overlay-type":"","overlay-color":"","overlay-opacity":"","overlay-gradient":""},"tablet":{"background-color":"","background-image":"","background-repeat":"repeat","background-position":"center center","background-size":"auto","background-attachment":"scroll","background-type":"","background-media":"","overlay-type":"","overlay-color":"","overlay-opacity":"","overlay-gradient":""},"mobile":{"background-color":"","background-image":"","background-repeat":"repeat","background-position":"center center","background-size":"auto","background-attachment":"scroll","background-type":"","background-media":"","overlay-type":"","overlay-color":"","overlay-opacity":"","overlay-gradient":""}},"ast-content-background-meta":{"desktop":{"background-color":"var(--ast-global-color-5)","background-image":"","background-repeat":"repeat","background-position":"center center","background-size":"auto","background-attachment":"scroll","background-type":"","background-media":"","overlay-type":"","overlay-color":"","overlay-opacity":"","overlay-gradient":""},"tablet":{"background-color":"var(--ast-global-color-5)","background-image":"","background-repeat":"repeat","background-position":"center center","background-size":"auto","background-attachment":"scroll","background-type":"","background-media":"","overlay-type":"","overlay-color":"","overlay-opacity":"","overlay-gradient":""},"mobile":{"background-color":"var(--ast-global-color-5)","background-image":"","background-repeat":"repeat","background-position":"center center","background-size":"auto","background-attachment":"scroll","background-type":"","background-media":"","overlay-type":"","overlay-color":"","overlay-opacity":"","overlay-gradient":""}},"footnotes":""},"categories":[21],"tags":[5215,5151,5291,4879],"class_list":["post-27091","post","type-post","status-publish","format-standard","has-post-thumbnail","hentry","category-sin-categoria","tag-innovacion-es","tag-internet-de-las-cosas-es","tag-software-mobility-es","tag-transformacion-digital-es"],"acf":[],"_links":{"self":[{"href":"https:\/\/entelgy.com\/en\/wp-json\/wp\/v2\/posts\/27091","targetHints":{"allow":["GET"]}}],"collection":[{"href":"https:\/\/entelgy.com\/en\/wp-json\/wp\/v2\/posts"}],"about":[{"href":"https:\/\/entelgy.com\/en\/wp-json\/wp\/v2\/types\/post"}],"author":[{"embeddable":true,"href":"https:\/\/entelgy.com\/en\/wp-json\/wp\/v2\/users\/4"}],"replies":[{"embeddable":true,"href":"https:\/\/entelgy.com\/en\/wp-json\/wp\/v2\/comments?post=27091"}],"version-history":[{"count":0,"href":"https:\/\/entelgy.com\/en\/wp-json\/wp\/v2\/posts\/27091\/revisions"}],"wp:featuredmedia":[{"embeddable":true,"href":"https:\/\/entelgy.com\/en\/wp-json\/wp\/v2\/media\/27087"}],"wp:attachment":[{"href":"https:\/\/entelgy.com\/en\/wp-json\/wp\/v2\/media?parent=27091"}],"wp:term":[{"taxonomy":"category","embeddable":true,"href":"https:\/\/entelgy.com\/en\/wp-json\/wp\/v2\/categories?post=27091"},{"taxonomy":"post_tag","embeddable":true,"href":"https:\/\/entelgy.com\/en\/wp-json\/wp\/v2\/tags?post=27091"}],"curies":[{"name":"wp","href":"https:\/\/api.w.org\/{rel}","templated":true}]}}