{"id":26880,"date":"2016-09-29T22:00:00","date_gmt":"2016-09-29T20:00:00","guid":{"rendered":"https:\/\/entelgy.com\/directora-de-negocio-de-entelgy\/"},"modified":"2024-11-06T23:43:02","modified_gmt":"2024-11-06T22:43:02","slug":"directora-de-negocio-de-entelgy","status":"publish","type":"post","link":"https:\/\/entelgy.com\/en\/sin-categoria\/directora-de-negocio-de-entelgy\/","title":{"rendered":"Raquel Caba\u00f1as, nueva Directora de Negocio de Entelgy"},"content":{"rendered":"<img fetchpriority=\"high\" decoding=\"async\" class=\" size-full wp-image-26879\" src=\"https:\/\/entelgy.com\/wp-content\/uploads\/2016\/09\/c54d9b23fd3c38311b8068b49e0b1bd4.jpg\" alt=\"\" class=\"caption\" title=\"Raquel Caba\u00f1as, nueva Directora de Negocio de Entelgy\" width=\"572\" height=\"307\" srcset=\"https:\/\/entelgy.com\/wp-content\/uploads\/2016\/09\/c54d9b23fd3c38311b8068b49e0b1bd4.jpg 572w, https:\/\/entelgy.com\/wp-content\/uploads\/2016\/09\/c54d9b23fd3c38311b8068b49e0b1bd4-300x161.jpg 300w\" sizes=\"(max-width: 572px) 100vw, 572px\" \/>\n<div class=\"post_wp\">\n<h1 >Entelgy refuerza su equipo con la incorporaci\u00f3n de Raquel Caba\u00f1as, que ejercer\u00e1 como Directora de Negocio en la Direcci\u00f3n General de IBERIA, consolidando a Entelgy como figura clave dentro del sector de proveedores de servicios TI.<\/h1>\n<p ><span ><strong><a href=\"https:\/\/www.entelgy.com\/\" target=\"_blank\" rel=\"noopener\">Entelgy<\/a><\/strong><\/span> anuncia la incorporaci\u00f3n de Raquel Caba\u00f1as a su equipo como nueva Directora de Negocio en la Direcci\u00f3n General de Iberia.<\/p>\n<p ><a target=\"_blank\" href=\"\/media\/k2\/items\/src\/Entelgy\/2016\/09\/Cita-Nombramiento-Raquel-Caba\u00f1as-2.jpg\" rel=\"noopener\"><img decoding=\"async\" class=\"aligncenter wp-image-18853 size-full\" title=\"Raquel Caba\u00f1as - Entelgy\" src=\"\/media\/k2\/items\/src\/Entelgy\/2016\/09\/Cita-Nombramiento-Raquel-Caba\u00f1as-2.jpg\" alt=\"cita-nombramiento-raquel-cabanas\" width=\"572\" height=\"307\" \/><\/a><\/p>\n<p >Licenciada en Administraci\u00f3n y Direcci\u00f3n de Empresas por ICADE, Raquel Caba\u00f1as posee un notorio bagaje profesional. En su dilatada trayectoria destaca su amplia experiencia en la venta de software de gesti\u00f3n de IT y su capacidad para impulsar servicios de valor a\u00f1adido en materia de consultor\u00eda, <em>outsourcing<\/em>, servicios gestionados y <em>cloud<\/em>. Comenz\u00f3 desarrollando su carrera hace m\u00e1s de 25 a\u00f1os en las filas de empresas como IBM y complet\u00f3 su experiencia internacional trabajando en Alemania para Hewlett Packard. Su \u00faltima funci\u00f3n antes de incorporarse a <span ><strong>Entelgy <\/strong><\/span>ha sido la de Senior Sales Executive para soluciones SAP.<\/p>\n<blockquote>\n<p ><span ><em>\u201cFormar parte de una organizaci\u00f3n como <strong>Entelgy<\/strong> me brinda la oportunidad de seguir evolucionando profesionalmente de la mano de una importante multinacional espa\u00f1ola con capacidades para responder a los retos de innovaci\u00f3n permanente que est\u00e1 demandando el mercado. Afronto esta etapa con el convencimiento de seguir posicionando a la compa\u00f1\u00eda como una organizaci\u00f3n s\u00f3lida, innovadora y referente dentro del panorama TI, que ayuda a sus clientes a elegir el camino adecuado dentro de las enormes posibilidades que ofrece la tecnolog\u00eda hoy en d\u00eda<\/em>\u201d<\/span>, afirma Raquel Caba\u00f1as.<\/p>\n<\/blockquote>\n<p ><strong>\u00c1ngel Echevarr\u00ed<\/strong>a, Director General de <strong><span >Grupo Entelgy<\/span><\/strong>, expuso por su parte que<\/p>\n<blockquote>\n<p ><em>\u201cla incorporaci\u00f3n de Raquel Caba\u00f1as dentro del equipo de Entelgy supone un paso m\u00e1s para la compa\u00f1\u00eda en su mejora constante centrada en las personas. Con su dilatada experiencia, su ilusi\u00f3n y conocimiento del sector apostamos por aumentar nuestra cartera de negocio\u201d<\/em>.<\/p>\n<\/blockquote>\n<p >Con esta incorporaci\u00f3n <span ><strong>Entelgy<\/strong><\/span> mantiene su firme apuesta por las personas, clave y motivo de su pol\u00edtica corporativa, tanto dentro como fuera de nuestras fronteras, donde el grupo da empleo directo a 1.500 personas en los distintos pa\u00edses en los que opera actualmente.<\/p>\n<p ><strong>Algunos medios de comunicaci\u00f3n<\/strong> se han hecho eco de este nombramiento, entre otros:<\/p>\n<ul>\n<li><a href=\"\/actualidad\/directora-de-negocio-de-entelgy\/nombramiento-de-raquel-cabanas-de-entelgy\/\" rel=\"attachment wp-att-18865\"><img decoding=\"async\" class=\"wp-image-18865 size-full alignleft\" title=\"Entelgy - Nombramiento de Raquel Caba\u00f1as\" src=\"\/media\/k2\/items\/src\/Entelgy\/2016\/09\/Nombramiento-de-Raquel-Caba\u00f1as-de-Entelgy-e1475148350264.jpg\" alt=\"nombramiento-de-raquel-cabanas-de-entelgy\" width=\"250\" height=\"218\" \/><\/a><a target=\"_blank\" href=\"\/media\/k2\/items\/src\/Entelgy\/2016\/09\/Expansi\u00f3n_Nombramiento-Raquel-Caba\u00f1as.pdf\" rel=\"noopener\">Expansion<\/a><\/li>\n<li><a target=\"_blank\" href=\"\/media\/k2\/items\/src\/Entelgy\/2016\/09\/El-Mundo_Nombramiento-Raquel-Caba\u00f1as.pdf\" rel=\"noopener\">El Mundo<\/a><\/li>\n<li ><a href=\"http:\/\/agendaempresa.com\/75466\/entelgy-incorpora-a-raquel-cabanas-como-nueva-directora-de-negocio\/\" target=\"_blank\" rel=\"noopener\">Agenda de la empresa<\/a><\/li>\n<li ><a href=\"http:\/\/www.haycanal.com\/noticias\/9782\/entelgy-incorpora-nueva-directora-de-negocio\" target=\"_blank\" rel=\"noopener\">Hay Canal<\/a><\/li>\n<li ><a href=\"http:\/\/www.muycomputerpro.com\/2016\/09\/14\/entelgy-tiene-nueva-directora-de-negocio\" target=\"_blank\" rel=\"noopener\">Muy Computer Pro<\/a><\/li>\n<li ><a href=\"http:\/\/prnoticias.com\/comunicacion\/prcomunicacion\/20155866-raquel-cabanas-nombrada-nueva-directora-de-negocio-de-entelgy\" target=\"_blank\" rel=\"noopener\">PR Noticias<\/a><\/li>\n<li ><a href=\"http:\/\/www.consultor-it.com\/articulo\/70177\/desarrollo\/todos\/raquel-cabanas-nueva-directora-de-negocio-de-entelgy\" target=\"_blank\" rel=\"noopener\">Innovando Biz<\/a><\/li>\n<li ><a href=\"http:\/\/www.gotasdetecnologia.com\/noticias-de-empresa\/130316-raquel-cabanas-entelgy\/\" target=\"_blank\" rel=\"noopener\">Gotas de Tecnolog\u00eda<\/a><\/li>\n<li ><a href=\"http:\/\/noticierouniversal.com\/comunicacion\/raquel-cabanas-nueva-directora-de-negocio-de-entelgy\/\" target=\"_blank\" rel=\"noopener\">Noticiero universal<\/a><\/li>\n<\/ul>\n<\/div>\n<p><!--more--><\/p>\n<div class=\"post_wp\">\n<h1 >Entelgy refuerza su equipo con la incorporaci\u00f3n de Raquel Caba\u00f1as, que ejercer\u00e1 como Directora de Negocio en la Direcci\u00f3n General de IBERIA, consolidando a Entelgy como figura clave dentro del sector de proveedores de servicios TI.<\/h1>\n<p ><span ><strong><a href=\"https:\/\/www.entelgy.com\/\" target=\"_blank\" rel=\"noopener\">Entelgy<\/a><\/strong><\/span> anuncia la incorporaci\u00f3n de Raquel Caba\u00f1as a su equipo como nueva Directora de Negocio en la Direcci\u00f3n General de Iberia.<\/p>\n<p ><a target=\"_blank\" href=\"\/media\/k2\/items\/src\/Entelgy\/2016\/09\/Cita-Nombramiento-Raquel-Caba\u00f1as-2.jpg\" rel=\"noopener\"><img decoding=\"async\" class=\"aligncenter wp-image-18853 size-full\" title=\"Raquel Caba\u00f1as - Entelgy\" src=\"\/media\/k2\/items\/src\/Entelgy\/2016\/09\/Cita-Nombramiento-Raquel-Caba\u00f1as-2.jpg\" alt=\"cita-nombramiento-raquel-cabanas\" width=\"572\" height=\"307\" \/><\/a><\/p>\n<p >Licenciada en Administraci\u00f3n y Direcci\u00f3n de Empresas por ICADE, Raquel Caba\u00f1as posee un notorio bagaje profesional. En su dilatada trayectoria destaca su amplia experiencia en la venta de software de gesti\u00f3n de IT y su capacidad para impulsar servicios de valor a\u00f1adido en materia de consultor\u00eda, <em>outsourcing<\/em>, servicios gestionados y <em>cloud<\/em>. Comenz\u00f3 desarrollando su carrera hace m\u00e1s de 25 a\u00f1os en las filas de empresas como IBM y complet\u00f3 su experiencia internacional trabajando en Alemania para Hewlett Packard. Su \u00faltima funci\u00f3n antes de incorporarse a <span ><strong>Entelgy <\/strong><\/span>ha sido la de Senior Sales Executive para soluciones SAP.<\/p>\n<blockquote>\n<p ><span ><em>\u201cFormar parte de una organizaci\u00f3n como <strong>Entelgy<\/strong> me brinda la oportunidad de seguir evolucionando profesionalmente de la mano de una importante multinacional espa\u00f1ola con capacidades para responder a los retos de innovaci\u00f3n permanente que est\u00e1 demandando el mercado. Afronto esta etapa con el convencimiento de seguir posicionando a la compa\u00f1\u00eda como una organizaci\u00f3n s\u00f3lida, innovadora y referente dentro del panorama TI, que ayuda a sus clientes a elegir el camino adecuado dentro de las enormes posibilidades que ofrece la tecnolog\u00eda hoy en d\u00eda<\/em>\u201d<\/span>, afirma Raquel Caba\u00f1as.<\/p>\n<\/blockquote>\n<p ><strong>\u00c1ngel Echevarr\u00ed<\/strong>a, Director General de <strong><span >Grupo Entelgy<\/span><\/strong>, expuso por su parte que<\/p>\n<blockquote>\n<p ><em>\u201cla incorporaci\u00f3n de Raquel Caba\u00f1as dentro del equipo de Entelgy supone un paso m\u00e1s para la compa\u00f1\u00eda en su mejora constante centrada en las personas. Con su dilatada experiencia, su ilusi\u00f3n y conocimiento del sector apostamos por aumentar nuestra cartera de negocio\u201d<\/em>.<\/p>\n<\/blockquote>\n<p >Con esta incorporaci\u00f3n <span ><strong>Entelgy<\/strong><\/span> mantiene su firme apuesta por las personas, clave y motivo de su pol\u00edtica corporativa, tanto dentro como fuera de nuestras fronteras, donde el grupo da empleo directo a 1.500 personas en los distintos pa\u00edses en los que opera actualmente.<\/p>\n<p ><strong>Algunos medios de comunicaci\u00f3n<\/strong> se han hecho eco de este nombramiento, entre otros:<\/p>\n<ul>\n<li><a href=\"\/actualidad\/directora-de-negocio-de-entelgy\/nombramiento-de-raquel-cabanas-de-entelgy\/\" rel=\"attachment wp-att-18865\"><img decoding=\"async\" class=\"wp-image-18865 size-full alignleft\" title=\"Entelgy - Nombramiento de Raquel Caba\u00f1as\" src=\"\/media\/k2\/items\/src\/Entelgy\/2016\/09\/Nombramiento-de-Raquel-Caba\u00f1as-de-Entelgy-e1475148350264.jpg\" alt=\"nombramiento-de-raquel-cabanas-de-entelgy\" width=\"250\" height=\"218\" \/><\/a><a target=\"_blank\" href=\"\/media\/k2\/items\/src\/Entelgy\/2016\/09\/Expansi\u00f3n_Nombramiento-Raquel-Caba\u00f1as.pdf\" rel=\"noopener\">Expansion<\/a><\/li>\n<li><a target=\"_blank\" href=\"\/media\/k2\/items\/src\/Entelgy\/2016\/09\/El-Mundo_Nombramiento-Raquel-Caba\u00f1as.pdf\" rel=\"noopener\">El Mundo<\/a><\/li>\n<li ><a href=\"http:\/\/agendaempresa.com\/75466\/entelgy-incorpora-a-raquel-cabanas-como-nueva-directora-de-negocio\/\" target=\"_blank\" rel=\"noopener\">Agenda de la empresa<\/a><\/li>\n<li ><a href=\"http:\/\/www.haycanal.com\/noticias\/9782\/entelgy-incorpora-nueva-directora-de-negocio\" target=\"_blank\" rel=\"noopener\">Hay Canal<\/a><\/li>\n<li ><a href=\"http:\/\/www.muycomputerpro.com\/2016\/09\/14\/entelgy-tiene-nueva-directora-de-negocio\" target=\"_blank\" rel=\"noopener\">Muy Computer Pro<\/a><\/li>\n<li ><a href=\"http:\/\/prnoticias.com\/comunicacion\/prcomunicacion\/20155866-raquel-cabanas-nombrada-nueva-directora-de-negocio-de-entelgy\" target=\"_blank\" rel=\"noopener\">PR Noticias<\/a><\/li>\n<li ><a href=\"http:\/\/www.consultor-it.com\/articulo\/70177\/desarrollo\/todos\/raquel-cabanas-nueva-directora-de-negocio-de-entelgy\" target=\"_blank\" rel=\"noopener\">Innovando Biz<\/a><\/li>\n<li ><a href=\"http:\/\/www.gotasdetecnologia.com\/noticias-de-empresa\/130316-raquel-cabanas-entelgy\/\" target=\"_blank\" rel=\"noopener\">Gotas de Tecnolog\u00eda<\/a><\/li>\n<li ><a href=\"http:\/\/noticierouniversal.com\/comunicacion\/raquel-cabanas-nueva-directora-de-negocio-de-entelgy\/\" target=\"_blank\" rel=\"noopener\">Noticiero universal<\/a><\/li>\n<\/ul>\n<\/div>\n","protected":false},"excerpt":{"rendered":"<p>Entelgy refuerza su equipo con la incorporaci\u00f3n de Raquel Caba\u00f1as, que ejercer\u00e1 como Directora de Negocio en la Direcci\u00f3n General [&hellip;]<\/p>\n","protected":false},"author":4,"featured_media":26879,"comment_status":"open","ping_status":"open","sticky":false,"template":"","format":"standard","meta":{"_acf_changed":false,"rank_math_lock_modified_date":false,"site-sidebar-layout":"default","site-content-layout":"","ast-site-content-layout":"","site-content-style":"default","site-sidebar-style":"default","ast-global-header-display":"","ast-banner-title-visibility":"","ast-main-header-display":"","ast-hfb-above-header-display":"","ast-hfb-below-header-display":"","ast-hfb-mobile-header-display":"","site-post-title":"","ast-breadcrumbs-content":"","ast-featured-img":"","footer-sml-layout":"","theme-transparent-header-meta":"","adv-header-id-meta":"","stick-header-meta":"","header-above-stick-meta":"","header-main-stick-meta":"","header-below-stick-meta":"","astra-migrate-meta-layouts":"default","ast-page-background-enabled":"default","ast-page-background-meta":{"desktop":{"background-color":"var(--ast-global-color-4)","background-image":"","background-repeat":"repeat","background-position":"center center","background-size":"auto","background-attachment":"scroll","background-type":"","background-media":"","overlay-type":"","overlay-color":"","overlay-opacity":"","overlay-gradient":""},"tablet":{"background-color":"","background-image":"","background-repeat":"repeat","background-position":"center center","background-size":"auto","background-attachment":"scroll","background-type":"","background-media":"","overlay-type":"","overlay-color":"","overlay-opacity":"","overlay-gradient":""},"mobile":{"background-color":"","background-image":"","background-repeat":"repeat","background-position":"center center","background-size":"auto","background-attachment":"scroll","background-type":"","background-media":"","overlay-type":"","overlay-color":"","overlay-opacity":"","overlay-gradient":""}},"ast-content-background-meta":{"desktop":{"background-color":"var(--ast-global-color-5)","background-image":"","background-repeat":"repeat","background-position":"center center","background-size":"auto","background-attachment":"scroll","background-type":"","background-media":"","overlay-type":"","overlay-color":"","overlay-opacity":"","overlay-gradient":""},"tablet":{"background-color":"var(--ast-global-color-5)","background-image":"","background-repeat":"repeat","background-position":"center center","background-size":"auto","background-attachment":"scroll","background-type":"","background-media":"","overlay-type":"","overlay-color":"","overlay-opacity":"","overlay-gradient":""},"mobile":{"background-color":"var(--ast-global-color-5)","background-image":"","background-repeat":"repeat","background-position":"center center","background-size":"auto","background-attachment":"scroll","background-type":"","background-media":"","overlay-type":"","overlay-color":"","overlay-opacity":"","overlay-gradient":""}},"footnotes":""},"categories":[21],"tags":[4687],"class_list":["post-26880","post","type-post","status-publish","format-standard","has-post-thumbnail","hentry","category-sin-categoria","tag-entelgy-es"],"acf":[],"_links":{"self":[{"href":"https:\/\/entelgy.com\/en\/wp-json\/wp\/v2\/posts\/26880","targetHints":{"allow":["GET"]}}],"collection":[{"href":"https:\/\/entelgy.com\/en\/wp-json\/wp\/v2\/posts"}],"about":[{"href":"https:\/\/entelgy.com\/en\/wp-json\/wp\/v2\/types\/post"}],"author":[{"embeddable":true,"href":"https:\/\/entelgy.com\/en\/wp-json\/wp\/v2\/users\/4"}],"replies":[{"embeddable":true,"href":"https:\/\/entelgy.com\/en\/wp-json\/wp\/v2\/comments?post=26880"}],"version-history":[{"count":0,"href":"https:\/\/entelgy.com\/en\/wp-json\/wp\/v2\/posts\/26880\/revisions"}],"wp:featuredmedia":[{"embeddable":true,"href":"https:\/\/entelgy.com\/en\/wp-json\/wp\/v2\/media\/26879"}],"wp:attachment":[{"href":"https:\/\/entelgy.com\/en\/wp-json\/wp\/v2\/media?parent=26880"}],"wp:term":[{"taxonomy":"category","embeddable":true,"href":"https:\/\/entelgy.com\/en\/wp-json\/wp\/v2\/categories?post=26880"},{"taxonomy":"post_tag","embeddable":true,"href":"https:\/\/entelgy.com\/en\/wp-json\/wp\/v2\/tags?post=26880"}],"curies":[{"name":"wp","href":"https:\/\/api.w.org\/{rel}","templated":true}]}}