{"id":26840,"date":"2016-11-01T23:00:00","date_gmt":"2016-11-01T22:00:00","guid":{"rendered":"https:\/\/entelgy.com\/miguel-angel-lopez-pinillos-entelgy\/"},"modified":"2024-11-06T23:42:56","modified_gmt":"2024-11-06T22:42:56","slug":"miguel-angel-lopez-pinillos-entelgy","status":"publish","type":"post","link":"https:\/\/entelgy.com\/en\/sin-categoria\/miguel-angel-lopez-pinillos-entelgy\/","title":{"rendered":"Miguel \u00c1ngel L\u00f3pez Pinillos, nuevo Director de Negocio de Entelgy"},"content":{"rendered":"<img fetchpriority=\"high\" decoding=\"async\" class=\" size-full wp-image-26839\" src=\"https:\/\/entelgy.com\/wp-content\/uploads\/2016\/11\/bec9d0db21be5581e48515f88aa0d195.jpg\" alt=\"\" class=\"caption\" title=\"Miguel \u00c1ngel L\u00f3pez Pinillos, nuevo Director de Negocio de Entelgy\" width=\"541\" height=\"415\" srcset=\"https:\/\/entelgy.com\/wp-content\/uploads\/2016\/11\/bec9d0db21be5581e48515f88aa0d195.jpg 541w, https:\/\/entelgy.com\/wp-content\/uploads\/2016\/11\/bec9d0db21be5581e48515f88aa0d195-300x230.jpg 300w\" sizes=\"(max-width: 541px) 100vw, 541px\" \/>\n<div class=\"post_wp\">\n<h1 >Nueva incorporaci\u00f3n al equipo de <strong>Entelgy<\/strong> de <strong>Miguel \u00c1ngel L\u00f3pez Pinillos<\/strong> como nuevo <strong>Director de Negocio<\/strong> en la Direcci\u00f3n General Corporativa.<\/h1>\n<p ><a target=\"_blank\" href=\"\/media\/k2\/items\/src\/Entelgy\/2016\/10\/Nombramiento-de-Miguel-\u00c1ngel-L\u00f3pez-de-Entelgy.jpg\" rel=\"noopener\"><img decoding=\"async\" class=\"aligncenter wp-image-19065 size-full\" title=\"Nuevo Director de Negocio de Entelgy\" src=\"\/media\/k2\/items\/src\/Entelgy\/2016\/10\/Nombramiento-de-Miguel-\u00c1ngel-L\u00f3pez-de-Entelgy.jpg\" alt=\"Nuevo Director de Negocio de Entelgy\" width=\"559\" height=\"322\" \/><\/a>Con una carrera profesional de m\u00e1s de 28 a\u00f1os, Miguel \u00c1ngel L\u00f3pez Pinillos ha desempe\u00f1ado distintas responsabilidades en el sector de las Tecnolog\u00edas de la Informaci\u00f3n y de las Comunicaciones. Cuenta con contrastada experiencia tanto en la gesti\u00f3n comercial de venta directa y a trav\u00e9s del canal, como en la direcci\u00f3n de proyectos de integraci\u00f3n de sistemas y de valor a\u00f1adido, destacando por sus grandes dotes de liderazgo, con s\u00f3lidas competencias en el desarrollo, motivaci\u00f3n y direcci\u00f3n de equipos para la consecuci\u00f3n de sus objetivos.<\/p>\n<p >L\u00f3pez Pinillos ha desarrollado su dilatada trayectoria profesional en empresas espa\u00f1olas de consultor\u00eda e integraci\u00f3n de sistemas y en multinacionales como Sun Microsystems, Oracle y NEC; donde desempe\u00f1\u00f3 cargos dentro de la Direcci\u00f3n Comercial para las Administraciones P\u00fablicas espa\u00f1olas, aportando valor mediante la prestaci\u00f3n de todo tipo de Servicios TIC y la implantaci\u00f3n de Infraestructuras Tecnol\u00f3gicas.<\/p>\n<blockquote>\n<p ><span ><em>\u201cEn <strong>Entelgy<\/strong> he vuelto a reencontrarme con l\u00edderes que apuestan y valoran a las personas que integran sus equipos de trabajo como el activo irrenunciable para alcanzar el \u00e9xito. Ese liderazgo, junto con el amplio espectro de soluciones innovadoras de valor a\u00f1adido, tractoras de la Transformaci\u00f3n Digital de empresas y organismos p\u00fablicos en general, fueron los principales argumentos para apostar por un proyecto fascinante en una de las principales multinacionales espa\u00f1olas de consultor\u00eda, tecnolog\u00eda y outsourcing. Mi compromiso es aportar mis a\u00f1os de experiencia en el sector con gran ilusi\u00f3n, para continuar por la senda de crecimiento y de \u00e9xitos de esta gran empresa de grandes profesionales, consolidando su posicionamiento en un mercado tan exigente como el de las Tecnolog\u00edas de la Informaci\u00f3n\u201d<\/em>, afirma Miguel \u00c1ngel L\u00f3pez.<\/span><\/p>\n<\/blockquote>\n<p ><span ><strong>Entelgy<\/strong><\/span> refuerza as\u00ed su equipo y se consolida como una figura clave dentro del sector de proveedores de servicios TI.<\/p>\n<p ><strong>Los medios de comunicaci\u00f3n<\/strong>\u00a0se han hecho eco de este nombramiento, entre otros:<\/p>\n<ul>\n<li ><a target=\"_blank\" href=\"\/media\/k2\/items\/src\/Entelgy\/2016\/10\/Nombramiento-de-Miguel-\u00c1ngel-L\u00f3pez-de-Entelgy-en-los-Medios.jpg\" rel=\"noopener\"><img decoding=\"async\" class=\"alignright wp-image-19075 size-full\" title=\"Nombramiento de M. A. L\u00f3pez en los Medios\" src=\"\/media\/k2\/items\/src\/Entelgy\/2016\/10\/Nombramiento-de-Miguel-\u00c1ngel-L\u00f3pez-de-Entelgy-en-los-Medios.jpg\" alt=\"Nombramiento de M. A. L\u00f3pez en los Medios\" width=\"541\" height=\"415\" \/><\/a><a target=\"_blank\" href=\"\/media\/k2\/items\/src\/Entelgy\/2016\/10\/El-Mundo-impresa_Nombramiento-MA-L\u00f3pez-Pinillos-Iberia_24_10_2016.pdf\" rel=\"noopener\">El Mundo<\/a><\/li>\n<li><a target=\"_blank\" href=\"\/media\/k2\/items\/src\/Entelgy\/2016\/10\/Expansi\u00f3n-impresa_Nombramiento-MA-L\u00f3pez-Pinillos-Iberia_24_10_2016.pdf\" rel=\"noopener\">Expansi\u00f3n<\/a><\/li>\n<li><a href=\"http:\/\/www.computing.es\/capital-humano\/nombramientos\/1093063000101\/miguel-angel-lopez-pinillos-nuevo-director-de-negocio-de-entelgy.1.html\" target=\"_blank\" rel=\"noopener\"><em>Computing<\/em><\/a><\/li>\n<li><em><a target=\"_blank\" href=\"\/media\/k2\/items\/src\/Entelgy\/2016\/10\/Revista-Byte-web_Nombramiento-MA-L\u00f3pez-Pinillos-Iberia_18_10_16.pdf\" rel=\"noopener\">Revista Byte TI<\/a><\/em><\/li>\n<li><a href=\"http:\/\/www.ejecutivos.es\/miguel-angel-lopez-pinillos-nuevo-director-negocio-entelgy\/\" target=\"_blank\" rel=\"noopener\"><em>Ejecutivos<\/em><\/a><\/li>\n<li><a href=\"http:\/\/www.equiposytalento.com\/nombramientos\/2016-10-13\/entelgy\/miguel-angel-lopez-pinillos\/\" target=\"_blank\" rel=\"noopener\"><em>Equipos y Talento<\/em><\/a><\/li>\n<li><a href=\"http:\/\/www.rrhhdigital.com\/secciones\/quien-es-quien\/120238\/Miguel-%C3%81ngel-Lopez-Pinillos-nuevo-Director-de-Negocio-de-Entelgy\" target=\"_blank\" rel=\"noopener\"><em>RRHH Digital<\/em><\/a><\/li>\n<li><a href=\"http:\/\/agendaempresa.com\/76225\/miguel-angel-lopez-pinillos-es-el-nuevo-director-de-negocio-de-entelgy\/\" target=\"_blank\" rel=\"noopener\"><em>Agenda de la empresa<\/em><\/a><\/li>\n<li><a href=\"http:\/\/prnoticias.com\/comunicacion\/prcomunicacion\/20156841-director-de-negocio-de-entelgy\" target=\"_blank\" rel=\"noopener\"><em>PR Noticias<\/em><\/a><\/li>\n<li><a href=\"http:\/\/www.gotasdetecnologia.com\/noticias-de-empresa\/151016-nuevodirectorentelgy\/\" target=\"_blank\" rel=\"noopener\"><em>Gotas de Tecnolog\u00eda<\/em><\/a><\/li>\n<\/ul>\n<\/div>\n<p><!--more--><\/p>\n<div class=\"post_wp\">\n<h1 >Nueva incorporaci\u00f3n al equipo de <strong>Entelgy<\/strong> de <strong>Miguel \u00c1ngel L\u00f3pez Pinillos<\/strong> como nuevo <strong>Director de Negocio<\/strong> en la Direcci\u00f3n General Corporativa.<\/h1>\n<p ><a target=\"_blank\" href=\"\/media\/k2\/items\/src\/Entelgy\/2016\/10\/Nombramiento-de-Miguel-\u00c1ngel-L\u00f3pez-de-Entelgy.jpg\" rel=\"noopener\"><img decoding=\"async\" class=\"aligncenter wp-image-19065 size-full\" title=\"Nuevo Director de Negocio de Entelgy\" src=\"\/media\/k2\/items\/src\/Entelgy\/2016\/10\/Nombramiento-de-Miguel-\u00c1ngel-L\u00f3pez-de-Entelgy.jpg\" alt=\"Nuevo Director de Negocio de Entelgy\" width=\"559\" height=\"322\" \/><\/a>Con una carrera profesional de m\u00e1s de 28 a\u00f1os, Miguel \u00c1ngel L\u00f3pez Pinillos ha desempe\u00f1ado distintas responsabilidades en el sector de las Tecnolog\u00edas de la Informaci\u00f3n y de las Comunicaciones. Cuenta con contrastada experiencia tanto en la gesti\u00f3n comercial de venta directa y a trav\u00e9s del canal, como en la direcci\u00f3n de proyectos de integraci\u00f3n de sistemas y de valor a\u00f1adido, destacando por sus grandes dotes de liderazgo, con s\u00f3lidas competencias en el desarrollo, motivaci\u00f3n y direcci\u00f3n de equipos para la consecuci\u00f3n de sus objetivos.<\/p>\n<p >L\u00f3pez Pinillos ha desarrollado su dilatada trayectoria profesional en empresas espa\u00f1olas de consultor\u00eda e integraci\u00f3n de sistemas y en multinacionales como Sun Microsystems, Oracle y NEC; donde desempe\u00f1\u00f3 cargos dentro de la Direcci\u00f3n Comercial para las Administraciones P\u00fablicas espa\u00f1olas, aportando valor mediante la prestaci\u00f3n de todo tipo de Servicios TIC y la implantaci\u00f3n de Infraestructuras Tecnol\u00f3gicas.<\/p>\n<blockquote>\n<p ><span ><em>\u201cEn <strong>Entelgy<\/strong> he vuelto a reencontrarme con l\u00edderes que apuestan y valoran a las personas que integran sus equipos de trabajo como el activo irrenunciable para alcanzar el \u00e9xito. Ese liderazgo, junto con el amplio espectro de soluciones innovadoras de valor a\u00f1adido, tractoras de la Transformaci\u00f3n Digital de empresas y organismos p\u00fablicos en general, fueron los principales argumentos para apostar por un proyecto fascinante en una de las principales multinacionales espa\u00f1olas de consultor\u00eda, tecnolog\u00eda y outsourcing. Mi compromiso es aportar mis a\u00f1os de experiencia en el sector con gran ilusi\u00f3n, para continuar por la senda de crecimiento y de \u00e9xitos de esta gran empresa de grandes profesionales, consolidando su posicionamiento en un mercado tan exigente como el de las Tecnolog\u00edas de la Informaci\u00f3n\u201d<\/em>, afirma Miguel \u00c1ngel L\u00f3pez.<\/span><\/p>\n<\/blockquote>\n<p ><span ><strong>Entelgy<\/strong><\/span> refuerza as\u00ed su equipo y se consolida como una figura clave dentro del sector de proveedores de servicios TI.<\/p>\n<p ><strong>Los medios de comunicaci\u00f3n<\/strong>\u00a0se han hecho eco de este nombramiento, entre otros:<\/p>\n<ul>\n<li ><a target=\"_blank\" href=\"\/media\/k2\/items\/src\/Entelgy\/2016\/10\/Nombramiento-de-Miguel-\u00c1ngel-L\u00f3pez-de-Entelgy-en-los-Medios.jpg\" rel=\"noopener\"><img decoding=\"async\" class=\"alignright wp-image-19075 size-full\" title=\"Nombramiento de M. A. L\u00f3pez en los Medios\" src=\"\/media\/k2\/items\/src\/Entelgy\/2016\/10\/Nombramiento-de-Miguel-\u00c1ngel-L\u00f3pez-de-Entelgy-en-los-Medios.jpg\" alt=\"Nombramiento de M. A. L\u00f3pez en los Medios\" width=\"541\" height=\"415\" \/><\/a><a target=\"_blank\" href=\"\/media\/k2\/items\/src\/Entelgy\/2016\/10\/El-Mundo-impresa_Nombramiento-MA-L\u00f3pez-Pinillos-Iberia_24_10_2016.pdf\" rel=\"noopener\">El Mundo<\/a><\/li>\n<li><a target=\"_blank\" href=\"\/media\/k2\/items\/src\/Entelgy\/2016\/10\/Expansi\u00f3n-impresa_Nombramiento-MA-L\u00f3pez-Pinillos-Iberia_24_10_2016.pdf\" rel=\"noopener\">Expansi\u00f3n<\/a><\/li>\n<li><a href=\"http:\/\/www.computing.es\/capital-humano\/nombramientos\/1093063000101\/miguel-angel-lopez-pinillos-nuevo-director-de-negocio-de-entelgy.1.html\" target=\"_blank\" rel=\"noopener\"><em>Computing<\/em><\/a><\/li>\n<li><em><a target=\"_blank\" href=\"\/media\/k2\/items\/src\/Entelgy\/2016\/10\/Revista-Byte-web_Nombramiento-MA-L\u00f3pez-Pinillos-Iberia_18_10_16.pdf\" rel=\"noopener\">Revista Byte TI<\/a><\/em><\/li>\n<li><a href=\"http:\/\/www.ejecutivos.es\/miguel-angel-lopez-pinillos-nuevo-director-negocio-entelgy\/\" target=\"_blank\" rel=\"noopener\"><em>Ejecutivos<\/em><\/a><\/li>\n<li><a href=\"http:\/\/www.equiposytalento.com\/nombramientos\/2016-10-13\/entelgy\/miguel-angel-lopez-pinillos\/\" target=\"_blank\" rel=\"noopener\"><em>Equipos y Talento<\/em><\/a><\/li>\n<li><a href=\"http:\/\/www.rrhhdigital.com\/secciones\/quien-es-quien\/120238\/Miguel-%C3%81ngel-Lopez-Pinillos-nuevo-Director-de-Negocio-de-Entelgy\" target=\"_blank\" rel=\"noopener\"><em>RRHH Digital<\/em><\/a><\/li>\n<li><a href=\"http:\/\/agendaempresa.com\/76225\/miguel-angel-lopez-pinillos-es-el-nuevo-director-de-negocio-de-entelgy\/\" target=\"_blank\" rel=\"noopener\"><em>Agenda de la empresa<\/em><\/a><\/li>\n<li><a href=\"http:\/\/prnoticias.com\/comunicacion\/prcomunicacion\/20156841-director-de-negocio-de-entelgy\" target=\"_blank\" rel=\"noopener\"><em>PR Noticias<\/em><\/a><\/li>\n<li><a href=\"http:\/\/www.gotasdetecnologia.com\/noticias-de-empresa\/151016-nuevodirectorentelgy\/\" target=\"_blank\" rel=\"noopener\"><em>Gotas de Tecnolog\u00eda<\/em><\/a><\/li>\n<\/ul>\n<\/div>\n","protected":false},"excerpt":{"rendered":"<p>Nueva incorporaci\u00f3n al equipo de Entelgy de Miguel \u00c1ngel L\u00f3pez Pinillos como nuevo Director de Negocio en la Direcci\u00f3n General [&hellip;]<\/p>\n","protected":false},"author":4,"featured_media":26839,"comment_status":"open","ping_status":"open","sticky":false,"template":"","format":"standard","meta":{"_acf_changed":false,"rank_math_lock_modified_date":false,"site-sidebar-layout":"default","site-content-layout":"","ast-site-content-layout":"","site-content-style":"default","site-sidebar-style":"default","ast-global-header-display":"","ast-banner-title-visibility":"","ast-main-header-display":"","ast-hfb-above-header-display":"","ast-hfb-below-header-display":"","ast-hfb-mobile-header-display":"","site-post-title":"","ast-breadcrumbs-content":"","ast-featured-img":"","footer-sml-layout":"","theme-transparent-header-meta":"","adv-header-id-meta":"","stick-header-meta":"","header-above-stick-meta":"","header-main-stick-meta":"","header-below-stick-meta":"","astra-migrate-meta-layouts":"default","ast-page-background-enabled":"default","ast-page-background-meta":{"desktop":{"background-color":"var(--ast-global-color-4)","background-image":"","background-repeat":"repeat","background-position":"center center","background-size":"auto","background-attachment":"scroll","background-type":"","background-media":"","overlay-type":"","overlay-color":"","overlay-opacity":"","overlay-gradient":""},"tablet":{"background-color":"","background-image":"","background-repeat":"repeat","background-position":"center center","background-size":"auto","background-attachment":"scroll","background-type":"","background-media":"","overlay-type":"","overlay-color":"","overlay-opacity":"","overlay-gradient":""},"mobile":{"background-color":"","background-image":"","background-repeat":"repeat","background-position":"center center","background-size":"auto","background-attachment":"scroll","background-type":"","background-media":"","overlay-type":"","overlay-color":"","overlay-opacity":"","overlay-gradient":""}},"ast-content-background-meta":{"desktop":{"background-color":"var(--ast-global-color-5)","background-image":"","background-repeat":"repeat","background-position":"center center","background-size":"auto","background-attachment":"scroll","background-type":"","background-media":"","overlay-type":"","overlay-color":"","overlay-opacity":"","overlay-gradient":""},"tablet":{"background-color":"var(--ast-global-color-5)","background-image":"","background-repeat":"repeat","background-position":"center center","background-size":"auto","background-attachment":"scroll","background-type":"","background-media":"","overlay-type":"","overlay-color":"","overlay-opacity":"","overlay-gradient":""},"mobile":{"background-color":"var(--ast-global-color-5)","background-image":"","background-repeat":"repeat","background-position":"center center","background-size":"auto","background-attachment":"scroll","background-type":"","background-media":"","overlay-type":"","overlay-color":"","overlay-opacity":"","overlay-gradient":""}},"footnotes":""},"categories":[21],"tags":[4687,4695],"class_list":["post-26840","post","type-post","status-publish","format-standard","has-post-thumbnail","hentry","category-sin-categoria","tag-entelgy-es","tag-talento-entelgy-es"],"acf":[],"_links":{"self":[{"href":"https:\/\/entelgy.com\/en\/wp-json\/wp\/v2\/posts\/26840","targetHints":{"allow":["GET"]}}],"collection":[{"href":"https:\/\/entelgy.com\/en\/wp-json\/wp\/v2\/posts"}],"about":[{"href":"https:\/\/entelgy.com\/en\/wp-json\/wp\/v2\/types\/post"}],"author":[{"embeddable":true,"href":"https:\/\/entelgy.com\/en\/wp-json\/wp\/v2\/users\/4"}],"replies":[{"embeddable":true,"href":"https:\/\/entelgy.com\/en\/wp-json\/wp\/v2\/comments?post=26840"}],"version-history":[{"count":0,"href":"https:\/\/entelgy.com\/en\/wp-json\/wp\/v2\/posts\/26840\/revisions"}],"wp:featuredmedia":[{"embeddable":true,"href":"https:\/\/entelgy.com\/en\/wp-json\/wp\/v2\/media\/26839"}],"wp:attachment":[{"href":"https:\/\/entelgy.com\/en\/wp-json\/wp\/v2\/media?parent=26840"}],"wp:term":[{"taxonomy":"category","embeddable":true,"href":"https:\/\/entelgy.com\/en\/wp-json\/wp\/v2\/categories?post=26840"},{"taxonomy":"post_tag","embeddable":true,"href":"https:\/\/entelgy.com\/en\/wp-json\/wp\/v2\/tags?post=26840"}],"curies":[{"name":"wp","href":"https:\/\/api.w.org\/{rel}","templated":true}]}}