{"id":26835,"date":"2016-11-03T23:00:00","date_gmt":"2016-11-03T22:00:00","guid":{"rendered":"https:\/\/entelgy.com\/entelgy-por-el-mundo-tomas-melara\/"},"modified":"2024-11-06T23:42:55","modified_gmt":"2024-11-06T22:42:55","slug":"entelgy-por-el-mundo-tomas-melara","status":"publish","type":"post","link":"https:\/\/entelgy.com\/en\/sin-categoria\/entelgy-por-el-mundo-tomas-melara\/","title":{"rendered":"Entelgy por el Mundo: Tom\u00e1s Melara nos lleva al Norte de Europa"},"content":{"rendered":"<img fetchpriority=\"high\" decoding=\"async\" class=\" size-full wp-image-26834\" src=\"https:\/\/entelgy.com\/wp-content\/uploads\/2016\/11\/b95a06fea7efceac4ca30084da61655b.jpg\" alt=\"\" class=\"caption\" title=\"Entelgy por el Mundo: Tom\u00e1s Melara nos lleva al Norte de Europa\" width=\"350\" height=\"197\" srcset=\"https:\/\/entelgy.com\/wp-content\/uploads\/2016\/11\/b95a06fea7efceac4ca30084da61655b.jpg 350w, https:\/\/entelgy.com\/wp-content\/uploads\/2016\/11\/b95a06fea7efceac4ca30084da61655b-300x169.jpg 300w\" sizes=\"(max-width: 350px) 100vw, 350px\" \/>\n<div class=\"post_wp\">\n<h1 >Descubre qu\u00e9 nos cuenta nuestro compa\u00f1ero<\/h1>\n<h1 >en este nuevo post de <strong>Entelgy x Mundo<\/strong>.<\/h1>\n<blockquote>\n<p ><span ><em>Mi experiencia en el extranjero por motivos de trabajo con Entelgy han sido <strong>visitas comerciales relacionadas con la Uni\u00f3n Europea<\/strong>.<\/em><\/span><\/p>\n<p ><a target=\"_blank\" href=\"\/media\/k2\/items\/src\/Entelgy\/2016\/11\/Entelgy-por-el-Mundo-Tom\u00e1s-Melara-Helsinki.jpg\" rel=\"noopener\"><img decoding=\"async\" class=\"aligncenter wp-image-19093 size-full\" title=\"Entelgy por el Mundo - Tom\u00e1s Melara en Hensilki\" src=\"\/media\/k2\/items\/src\/Entelgy\/2016\/11\/Entelgy-por-el-Mundo-Tom\u00e1s-Melara-Helsinki.jpg\" alt=\"Entelgy por el Mundo - Tom\u00e1s Melara en Hensilki\" width=\"350\" height=\"197\" \/><\/a><\/p>\n<h6 ><strong><span ><em>Uno de mis primeros viajes fue a Helsinki.<\/em><\/span><\/strong><\/h6>\n<p ><span ><em>Junto con Manu M\u00e1rquez hicimos una visita a la <strong>Agencia Europea de Sustancias y Mezclas Qu\u00edmicas<\/strong>. Nunca hab\u00eda viajado tan al norte.<\/em><em>Uno de mis primeros viajes fue a Helsinki.<\/em><\/span><\/p>\n<p ><span ><em><a target=\"_blank\" href=\"\/media\/k2\/items\/src\/Entelgy\/2016\/11\/Entelgy-por-el-Mundo-Tom\u00e1s-Melara-En-Munich-rumbo-a-Helsinki.jpg\" rel=\"noopener\"><img decoding=\"async\" class=\"size-full wp-image-19094 alignright\" src=\"\/media\/k2\/items\/src\/Entelgy\/2016\/11\/Entelgy-por-el-Mundo-Tom\u00e1s-Melara-En-Munich-rumbo-a-Helsinki.jpg\" alt=\"Entelgy por el Mundo - Tom\u00e1s Melara en Munich rumbo a Hensilki\" width=\"300\" height=\"169\" \/><\/a>Hicimos escala en el aeropuerto de Munich y all\u00ed cenamos temprano ya que nuestra conexi\u00f3n con Helsinki era tarde y dados los horarios de comida fuera de Espa\u00f1a, lo m\u00e1s seguro era que no fu\u00e9ramos a encontrar nada abierto para cenar.<\/em><\/span><\/p>\n<h6 ><\/h6>\n<h6 ><strong><span ><em>En Munich rumbo a Helsinki<\/em><\/span><\/strong><\/h6>\n<p ><span ><em>Por supuesto, cenamos la t\u00edpica \u201cKartoffelsalat und Bratwurst\u201d (ensalada de patatas con salchicha), acompa\u00f1ada como no pod\u00eda faltar, de la cerveza alemana tradicional.<\/em><\/span><\/p>\n<p ><a target=\"_blank\" href=\"\/media\/k2\/items\/src\/Entelgy\/2016\/11\/Entelgy-por-el-Mundo-Tom\u00e1s-Melara-Cena-en-Munich.jpg\" rel=\"noopener\"><img loading=\"lazy\" decoding=\"async\" class=\"aligncenter wp-image-19095 size-full\" title=\"Entelgy por el Mundo - Tom\u00e1s Melara en Munich\" src=\"\/media\/k2\/items\/src\/Entelgy\/2016\/11\/Entelgy-por-el-Mundo-Tom\u00e1s-Melara-Cena-en-Munich.jpg\" alt=\"Entelgy por el Mundo - Tom\u00e1s Melara en Munich\" width=\"300\" height=\"169\" \/><\/a><\/p>\n<p ><span ><em>En el viaje hacia Helsinki me toc\u00f3 de compa\u00f1ero de asiento un se\u00f1or griego que me cont\u00f3 buena parte de su vida en un ingl\u00e9s con un acento muy peculiar. El hombre no par\u00f3 de hablar en todo el viaje. Lo que m\u00e1s me llam\u00f3 la atenci\u00f3n de la conversaci\u00f3n fue que \u00e9l \u00a1se hab\u00eda jubilado a los 48 a\u00f1os!<\/em><\/span><\/p>\n<p ><span ><em><a target=\"_blank\" href=\"\/media\/k2\/items\/src\/Entelgy\/2016\/11\/Entelgy-por-el-Mundo-Tom\u00e1s-Melara-Helsinki-1.jpg\" rel=\"noopener\"><img loading=\"lazy\" decoding=\"async\" class=\"alignleft wp-image-19096 size-full\" title=\"Entelgy por el Mundo - Tom\u00e1s Melara en Helsinki\" src=\"\/media\/k2\/items\/src\/Entelgy\/2016\/11\/Entelgy-por-el-Mundo-Tom\u00e1s-Melara-Helsinki-1.jpg\" alt=\"Entelgy por el Mundo - Tom\u00e1s Melara en Helsinki\" width=\"200\" height=\"264\" \/><\/a>Este mismo se\u00f1or, amablemente, al llegar al aeropuerto nos indic\u00f3 donde tomar el taxi. Llegamos a la parada y, a la cabeza de la fila, estaba un coche s\u00faper moderno y coment\u00e9 \u201c\u00bf\u00bfEsto es un taxi??\u201d. Era un coche el\u00e9ctrico que no hac\u00eda nada de ruido. Manu me dijo: \u201cCreo que es un Tesla\u2026\u201d, el salpicadero m\u00e1s de coche parec\u00eda \u00a1el tablero de una nave espacial! <\/em><\/span><\/p>\n<p ><span ><em>Llegamos al hotel casi a la 1:30 a.m. (el avi\u00f3n hab\u00eda salido con retraso, \u00a1menos mal que nos dio por cenar en Munich!).<\/em><\/span><\/p>\n<p ><span ><em>Al d\u00eda siguiente, fuimos primero al edificio donde \u00edbamos a tener la reuni\u00f3n, para asegurarnos bien d\u00f3nde estaba y no perdernos a la hora de ir (algo muy aconsejable hacer siempre).<\/em><\/span><\/p>\n<p ><span ><em>Anduvimos por los alrededores (todo nevado pues era invierno) y nos metimos en un bar para preparar un poco la reuni\u00f3n y entrar en calor pues hac\u00eda fr\u00edo (entre 0\u00ba C y 4\u00ba C). En Helsinki, todos los bares y caf\u00e9s tienen una decoraci\u00f3n tan c\u00e1lida y tan acogedora en plan madera, que dan ganas de quedarse de tertulia muchas horas. Eran las 11 a.m. y algunos \u00a1ya estaban comiendo!<\/em><\/span><\/p>\n<p ><span ><em>Cerca de la Agencia que visitamos hay un bar llamado \u201cLos Cojones\u201d, al que no pudimos entrar porque solo abre de tarde y justo salir de la reuni\u00f3n nos ten\u00edamos que ir al aeropuerto para nuestro viaje de vuelta.<a target=\"_blank\" href=\"\/media\/k2\/items\/src\/Entelgy\/2016\/11\/Entelgy-por-el-Mundo-Tom\u00e1s-Melara-Helsinki-Bar-Los-Cojones.jpg\" rel=\"noopener\"><img loading=\"lazy\" decoding=\"async\" class=\"alignleft wp-image-19097 size-full\" title=\"Entelgy por el Mundo - Tom\u00e1s Melara en Helsinki\" src=\"\/media\/k2\/items\/src\/Entelgy\/2016\/11\/Entelgy-por-el-Mundo-Tom\u00e1s-Melara-Helsinki-Bar-Los-Cojones.jpg\" alt=\"Entelgy por el Mundo - Tom\u00e1s Melara en Helsinki\" width=\"300\" height=\"169\" \/><\/a><\/em><\/span><\/p>\n<h6 ><strong><span ><em>Helsinki &#8211; Bar \u00a1Los Cojones!<\/em><\/span><\/strong><\/h6>\n<p ><span ><em>Salimos de la reuni\u00f3n y tomamos un taxi para volver al aeropuerto y esta vez nos toc\u00f3 un coche m\u00e1s \u201cnormal\u201d. <\/em><\/span><\/p>\n<p ><span ><em>Cuando ya est\u00e1bamos en la puerta de embarque de repente supimos que nuestro vuelo se cancelaba. No solo era nuestro vuelo el cancelado, lo eran pr\u00e1cticamente todos ya que hab\u00eda una tormenta en el mar B\u00e1ltico que desaconsejaba volar. Aprovech\u00e9 para comprarme una taza que pone \u201cFinland\u201d y alg\u00fan recuerdo para mis hijos.<\/em><\/span><\/p>\n<\/blockquote>\n<h2 ><span ><strong>\u00a1Gracias Tom\u00e1s, un viaje r\u00e1pido pero muy interesante!<\/strong><\/span><\/h2>\n<h2 ><strong>\u00bfA d\u00f3nde nos llevar\u00e1 el siguiente viaje de Entelgy x M?<\/strong><\/h2>\n<p ><strong>Os invitamos a enviarnos vuestras andanzas por el mundo y compartirlas en nuestro blog corporativo.<\/strong><\/p>\n<p ><strong>Otros compa\u00f1eros-viajeros<\/strong>,\u00a0<strong>en nuestro blog<\/strong>:<\/p>\n<ul>\n<li ><a href=\"https:\/\/entelgy.com\/entelgy-por-el-mundo-mario-pacheco\/\" target=\"_blank\" rel=\"noopener\"><strong><em>Entelgy x Mundo: Mario Pacheco desde Per\u00fa<\/em><\/strong><\/a><\/li>\n<li ><a href=\"\/actualidad\/entelgy-por-el-mundo-2\/\" target=\"_blank\" rel=\"noopener\"><strong><em>Entelgy x Mundo: David P\u00e9rez desde Colombia, Per\u00fa y M\u00e9xico<\/em><\/strong><\/a><\/li>\n<li ><a href=\"https:\/\/entelgy.com\/entelgy-por-el-mundo-ivan-jimenez\/\" target=\"_blank\" rel=\"noopener\"><strong><em>Entelgy por el Mundo: Iv\u00e1n Jim\u00e9nez desde los dos lados del Atl\u00e1ntico<\/em><\/strong><\/a><\/li>\n<\/ul>\n<\/div>\n<p><!--more--><\/p>\n<div class=\"post_wp\">\n<h1 >Descubre qu\u00e9 nos cuenta nuestro compa\u00f1ero<\/h1>\n<h1 >en este nuevo post de <strong>Entelgy x Mundo<\/strong>.<\/h1>\n<blockquote>\n<p ><span ><em>Mi experiencia en el extranjero por motivos de trabajo con Entelgy han sido <strong>visitas comerciales relacionadas con la Uni\u00f3n Europea<\/strong>.<\/em><\/span><\/p>\n<p ><a target=\"_blank\" href=\"\/media\/k2\/items\/src\/Entelgy\/2016\/11\/Entelgy-por-el-Mundo-Tom\u00e1s-Melara-Helsinki.jpg\" rel=\"noopener\"><img decoding=\"async\" class=\"aligncenter wp-image-19093 size-full\" title=\"Entelgy por el Mundo - Tom\u00e1s Melara en Hensilki\" src=\"\/media\/k2\/items\/src\/Entelgy\/2016\/11\/Entelgy-por-el-Mundo-Tom\u00e1s-Melara-Helsinki.jpg\" alt=\"Entelgy por el Mundo - Tom\u00e1s Melara en Hensilki\" width=\"350\" height=\"197\" \/><\/a><\/p>\n<h6 ><strong><span ><em>Uno de mis primeros viajes fue a Helsinki.<\/em><\/span><\/strong><\/h6>\n<p ><span ><em>Junto con Manu M\u00e1rquez hicimos una visita a la <strong>Agencia Europea de Sustancias y Mezclas Qu\u00edmicas<\/strong>. Nunca hab\u00eda viajado tan al norte.<\/em><em>Uno de mis primeros viajes fue a Helsinki.<\/em><\/span><\/p>\n<p ><span ><em><a target=\"_blank\" href=\"\/media\/k2\/items\/src\/Entelgy\/2016\/11\/Entelgy-por-el-Mundo-Tom\u00e1s-Melara-En-Munich-rumbo-a-Helsinki.jpg\" rel=\"noopener\"><img decoding=\"async\" class=\"size-full wp-image-19094 alignright\" src=\"\/media\/k2\/items\/src\/Entelgy\/2016\/11\/Entelgy-por-el-Mundo-Tom\u00e1s-Melara-En-Munich-rumbo-a-Helsinki.jpg\" alt=\"Entelgy por el Mundo - Tom\u00e1s Melara en Munich rumbo a Hensilki\" width=\"300\" height=\"169\" \/><\/a>Hicimos escala en el aeropuerto de Munich y all\u00ed cenamos temprano ya que nuestra conexi\u00f3n con Helsinki era tarde y dados los horarios de comida fuera de Espa\u00f1a, lo m\u00e1s seguro era que no fu\u00e9ramos a encontrar nada abierto para cenar.<\/em><\/span><\/p>\n<h6 ><\/h6>\n<h6 ><strong><span ><em>En Munich rumbo a Helsinki<\/em><\/span><\/strong><\/h6>\n<p ><span ><em>Por supuesto, cenamos la t\u00edpica \u201cKartoffelsalat und Bratwurst\u201d (ensalada de patatas con salchicha), acompa\u00f1ada como no pod\u00eda faltar, de la cerveza alemana tradicional.<\/em><\/span><\/p>\n<p ><a target=\"_blank\" href=\"\/media\/k2\/items\/src\/Entelgy\/2016\/11\/Entelgy-por-el-Mundo-Tom\u00e1s-Melara-Cena-en-Munich.jpg\" rel=\"noopener\"><img loading=\"lazy\" decoding=\"async\" class=\"aligncenter wp-image-19095 size-full\" title=\"Entelgy por el Mundo - Tom\u00e1s Melara en Munich\" src=\"\/media\/k2\/items\/src\/Entelgy\/2016\/11\/Entelgy-por-el-Mundo-Tom\u00e1s-Melara-Cena-en-Munich.jpg\" alt=\"Entelgy por el Mundo - Tom\u00e1s Melara en Munich\" width=\"300\" height=\"169\" \/><\/a><\/p>\n<p ><span ><em>En el viaje hacia Helsinki me toc\u00f3 de compa\u00f1ero de asiento un se\u00f1or griego que me cont\u00f3 buena parte de su vida en un ingl\u00e9s con un acento muy peculiar. El hombre no par\u00f3 de hablar en todo el viaje. Lo que m\u00e1s me llam\u00f3 la atenci\u00f3n de la conversaci\u00f3n fue que \u00e9l \u00a1se hab\u00eda jubilado a los 48 a\u00f1os!<\/em><\/span><\/p>\n<p ><span ><em><a target=\"_blank\" href=\"\/media\/k2\/items\/src\/Entelgy\/2016\/11\/Entelgy-por-el-Mundo-Tom\u00e1s-Melara-Helsinki-1.jpg\" rel=\"noopener\"><img loading=\"lazy\" decoding=\"async\" class=\"alignleft wp-image-19096 size-full\" title=\"Entelgy por el Mundo - Tom\u00e1s Melara en Helsinki\" src=\"\/media\/k2\/items\/src\/Entelgy\/2016\/11\/Entelgy-por-el-Mundo-Tom\u00e1s-Melara-Helsinki-1.jpg\" alt=\"Entelgy por el Mundo - Tom\u00e1s Melara en Helsinki\" width=\"200\" height=\"264\" \/><\/a>Este mismo se\u00f1or, amablemente, al llegar al aeropuerto nos indic\u00f3 donde tomar el taxi. Llegamos a la parada y, a la cabeza de la fila, estaba un coche s\u00faper moderno y coment\u00e9 \u201c\u00bf\u00bfEsto es un taxi??\u201d. Era un coche el\u00e9ctrico que no hac\u00eda nada de ruido. Manu me dijo: \u201cCreo que es un Tesla\u2026\u201d, el salpicadero m\u00e1s de coche parec\u00eda \u00a1el tablero de una nave espacial! <\/em><\/span><\/p>\n<p ><span ><em>Llegamos al hotel casi a la 1:30 a.m. (el avi\u00f3n hab\u00eda salido con retraso, \u00a1menos mal que nos dio por cenar en Munich!).<\/em><\/span><\/p>\n<p ><span ><em>Al d\u00eda siguiente, fuimos primero al edificio donde \u00edbamos a tener la reuni\u00f3n, para asegurarnos bien d\u00f3nde estaba y no perdernos a la hora de ir (algo muy aconsejable hacer siempre).<\/em><\/span><\/p>\n<p ><span ><em>Anduvimos por los alrededores (todo nevado pues era invierno) y nos metimos en un bar para preparar un poco la reuni\u00f3n y entrar en calor pues hac\u00eda fr\u00edo (entre 0\u00ba C y 4\u00ba C). En Helsinki, todos los bares y caf\u00e9s tienen una decoraci\u00f3n tan c\u00e1lida y tan acogedora en plan madera, que dan ganas de quedarse de tertulia muchas horas. Eran las 11 a.m. y algunos \u00a1ya estaban comiendo!<\/em><\/span><\/p>\n<p ><span ><em>Cerca de la Agencia que visitamos hay un bar llamado \u201cLos Cojones\u201d, al que no pudimos entrar porque solo abre de tarde y justo salir de la reuni\u00f3n nos ten\u00edamos que ir al aeropuerto para nuestro viaje de vuelta.<a target=\"_blank\" href=\"\/media\/k2\/items\/src\/Entelgy\/2016\/11\/Entelgy-por-el-Mundo-Tom\u00e1s-Melara-Helsinki-Bar-Los-Cojones.jpg\" rel=\"noopener\"><img loading=\"lazy\" decoding=\"async\" class=\"alignleft wp-image-19097 size-full\" title=\"Entelgy por el Mundo - Tom\u00e1s Melara en Helsinki\" src=\"\/media\/k2\/items\/src\/Entelgy\/2016\/11\/Entelgy-por-el-Mundo-Tom\u00e1s-Melara-Helsinki-Bar-Los-Cojones.jpg\" alt=\"Entelgy por el Mundo - Tom\u00e1s Melara en Helsinki\" width=\"300\" height=\"169\" \/><\/a><\/em><\/span><\/p>\n<h6 ><strong><span ><em>Helsinki &#8211; Bar \u00a1Los Cojones!<\/em><\/span><\/strong><\/h6>\n<p ><span ><em>Salimos de la reuni\u00f3n y tomamos un taxi para volver al aeropuerto y esta vez nos toc\u00f3 un coche m\u00e1s \u201cnormal\u201d. <\/em><\/span><\/p>\n<p ><span ><em>Cuando ya est\u00e1bamos en la puerta de embarque de repente supimos que nuestro vuelo se cancelaba. No solo era nuestro vuelo el cancelado, lo eran pr\u00e1cticamente todos ya que hab\u00eda una tormenta en el mar B\u00e1ltico que desaconsejaba volar. Aprovech\u00e9 para comprarme una taza que pone \u201cFinland\u201d y alg\u00fan recuerdo para mis hijos.<\/em><\/span><\/p>\n<\/blockquote>\n<h2 ><span ><strong>\u00a1Gracias Tom\u00e1s, un viaje r\u00e1pido pero muy interesante!<\/strong><\/span><\/h2>\n<h2 ><strong>\u00bfA d\u00f3nde nos llevar\u00e1 el siguiente viaje de Entelgy x M?<\/strong><\/h2>\n<p ><strong>Os invitamos a enviarnos vuestras andanzas por el mundo y compartirlas en nuestro blog corporativo.<\/strong><\/p>\n<p ><strong>Otros compa\u00f1eros-viajeros<\/strong>,\u00a0<strong>en nuestro blog<\/strong>:<\/p>\n<ul>\n<li ><a href=\"https:\/\/entelgy.com\/entelgy-por-el-mundo-mario-pacheco\/\" target=\"_blank\" rel=\"noopener\"><strong><em>Entelgy x Mundo: Mario Pacheco desde Per\u00fa<\/em><\/strong><\/a><\/li>\n<li ><a href=\"\/actualidad\/entelgy-por-el-mundo-2\/\" target=\"_blank\" rel=\"noopener\"><strong><em>Entelgy x Mundo: David P\u00e9rez desde Colombia, Per\u00fa y M\u00e9xico<\/em><\/strong><\/a><\/li>\n<li ><a href=\"https:\/\/entelgy.com\/entelgy-por-el-mundo-ivan-jimenez\/\" target=\"_blank\" rel=\"noopener\"><strong><em>Entelgy por el Mundo: Iv\u00e1n Jim\u00e9nez desde los dos lados del Atl\u00e1ntico<\/em><\/strong><\/a><\/li>\n<\/ul>\n<\/div>\n","protected":false},"excerpt":{"rendered":"<p>Descubre qu\u00e9 nos cuenta nuestro compa\u00f1ero en este nuevo post de Entelgy x Mundo. Mi experiencia en el extranjero por [&hellip;]<\/p>\n","protected":false},"author":4,"featured_media":26834,"comment_status":"open","ping_status":"open","sticky":false,"template":"","format":"standard","meta":{"_acf_changed":false,"rank_math_lock_modified_date":false,"site-sidebar-layout":"default","site-content-layout":"","ast-site-content-layout":"","site-content-style":"default","site-sidebar-style":"default","ast-global-header-display":"","ast-banner-title-visibility":"","ast-main-header-display":"","ast-hfb-above-header-display":"","ast-hfb-below-header-display":"","ast-hfb-mobile-header-display":"","site-post-title":"","ast-breadcrumbs-content":"","ast-featured-img":"","footer-sml-layout":"","theme-transparent-header-meta":"","adv-header-id-meta":"","stick-header-meta":"","header-above-stick-meta":"","header-main-stick-meta":"","header-below-stick-meta":"","astra-migrate-meta-layouts":"default","ast-page-background-enabled":"default","ast-page-background-meta":{"desktop":{"background-color":"var(--ast-global-color-4)","background-image":"","background-repeat":"repeat","background-position":"center center","background-size":"auto","background-attachment":"scroll","background-type":"","background-media":"","overlay-type":"","overlay-color":"","overlay-opacity":"","overlay-gradient":""},"tablet":{"background-color":"","background-image":"","background-repeat":"repeat","background-position":"center center","background-size":"auto","background-attachment":"scroll","background-type":"","background-media":"","overlay-type":"","overlay-color":"","overlay-opacity":"","overlay-gradient":""},"mobile":{"background-color":"","background-image":"","background-repeat":"repeat","background-position":"center center","background-size":"auto","background-attachment":"scroll","background-type":"","background-media":"","overlay-type":"","overlay-color":"","overlay-opacity":"","overlay-gradient":""}},"ast-content-background-meta":{"desktop":{"background-color":"var(--ast-global-color-5)","background-image":"","background-repeat":"repeat","background-position":"center center","background-size":"auto","background-attachment":"scroll","background-type":"","background-media":"","overlay-type":"","overlay-color":"","overlay-opacity":"","overlay-gradient":""},"tablet":{"background-color":"var(--ast-global-color-5)","background-image":"","background-repeat":"repeat","background-position":"center center","background-size":"auto","background-attachment":"scroll","background-type":"","background-media":"","overlay-type":"","overlay-color":"","overlay-opacity":"","overlay-gradient":""},"mobile":{"background-color":"var(--ast-global-color-5)","background-image":"","background-repeat":"repeat","background-position":"center center","background-size":"auto","background-attachment":"scroll","background-type":"","background-media":"","overlay-type":"","overlay-color":"","overlay-opacity":"","overlay-gradient":""}},"footnotes":""},"categories":[21],"tags":[4687,8094,5145,4695],"class_list":["post-26835","post","type-post","status-publish","format-standard","has-post-thumbnail","hentry","category-sin-categoria","tag-entelgy-es","tag-entelgy-por-el-mundo-es","tag-internacionalizacion-es","tag-talento-entelgy-es"],"acf":[],"_links":{"self":[{"href":"https:\/\/entelgy.com\/en\/wp-json\/wp\/v2\/posts\/26835","targetHints":{"allow":["GET"]}}],"collection":[{"href":"https:\/\/entelgy.com\/en\/wp-json\/wp\/v2\/posts"}],"about":[{"href":"https:\/\/entelgy.com\/en\/wp-json\/wp\/v2\/types\/post"}],"author":[{"embeddable":true,"href":"https:\/\/entelgy.com\/en\/wp-json\/wp\/v2\/users\/4"}],"replies":[{"embeddable":true,"href":"https:\/\/entelgy.com\/en\/wp-json\/wp\/v2\/comments?post=26835"}],"version-history":[{"count":0,"href":"https:\/\/entelgy.com\/en\/wp-json\/wp\/v2\/posts\/26835\/revisions"}],"wp:featuredmedia":[{"embeddable":true,"href":"https:\/\/entelgy.com\/en\/wp-json\/wp\/v2\/media\/26834"}],"wp:attachment":[{"href":"https:\/\/entelgy.com\/en\/wp-json\/wp\/v2\/media?parent=26835"}],"wp:term":[{"taxonomy":"category","embeddable":true,"href":"https:\/\/entelgy.com\/en\/wp-json\/wp\/v2\/categories?post=26835"},{"taxonomy":"post_tag","embeddable":true,"href":"https:\/\/entelgy.com\/en\/wp-json\/wp\/v2\/tags?post=26835"}],"curies":[{"name":"wp","href":"https:\/\/api.w.org\/{rel}","templated":true}]}}