{"id":26173,"date":"2018-02-13T23:00:00","date_gmt":"2018-02-13T22:00:00","guid":{"rendered":"https:\/\/entelgy.com\/entelgy-digital-digital-workplace\/"},"modified":"2025-02-25T10:57:02","modified_gmt":"2025-02-25T09:57:02","slug":"entelgy-digital-digital-workplace","status":"publish","type":"post","link":"https:\/\/entelgy.com\/en\/actualidad-es\/entelgy-digital-digital-workplace\/","title":{"rendered":"\u00bfConoces nuestra oferta de Entelgy Digital? Entra y descubre&#8230; Digital Workplace"},"content":{"rendered":"<img fetchpriority=\"high\" decoding=\"async\" class=\" size-full wp-image-26171\" src=\"https:\/\/entelgy.com\/wp-content\/uploads\/2018\/02\/65eaaa8dcaf7b90afdbd6863e860077a.jpg\" alt=\"\" class=\"caption\" title=\"\u00bfConoces nuestra oferta de Entelgy Digital? Entra y descubre... Digital Workplace\" width=\"350\" height=\"233\" srcset=\"https:\/\/entelgy.com\/wp-content\/uploads\/2018\/02\/65eaaa8dcaf7b90afdbd6863e860077a.jpg 350w, https:\/\/entelgy.com\/wp-content\/uploads\/2018\/02\/65eaaa8dcaf7b90afdbd6863e860077a-300x200.jpg 300w\" sizes=\"(max-width: 350px) 100vw, 350px\" \/>\n<div class=\"post_wp\">\n<h1 ><strong><span ><span >Digital Workplace<\/span><\/span><\/strong><\/h1>\n<h1 ><span ><span >\u00a0la apuesta de <strong><span >Entelgy<\/span><\/strong><\/span><strong> <span >Digital<\/span><\/strong><span > por el teletrabajo<\/span><\/span><\/h1>\n<p><b><a href=\"\/actualidad\/?attachment_id=22652\" rel=\"attachment wp-att-22652\"><img decoding=\"async\" class=\"size-full wp-image-22652 alignright\" src=\"https:\/\/entelgy.com\/wp-content\/uploads\/2018\/02\/Digital-Workplace-la-apuesta-de-Entelgy-Digital-por-el-teletrabajo.jpg\" alt=\"Digital Workplace, la apuesta de Entelgy Digital por el teletrabajo\" width=\"350\" height=\"233\" \/><\/a>Una de las bases sobre las que se asienta la transformaci\u00f3n digital de las empresas es la presencia de smart workers<\/b><span >. Es decir, trabajadores que puedan desarrollar su labor desde cualquier lugar, a cualquier hora y con cualquier dispositivo y que tengan acceso directo al conocimiento y los flujos de trabajo de forma r\u00e1pida y eficaz, sin depender de terceros.<\/span><\/p>\n<p><span >En<\/span> <a href=\"http:\/\/entelgydigital.com\/\" target=\"_blank\" rel=\"noopener\"><span ><b>Entelgy<\/b><\/span> <span ><b>Digital<\/b><\/span><\/a><span > hemos desarrollado <\/span><a href=\"http:\/\/entelgydigital.com\/?page_id=7744\/#bedigital\" target=\"_blank\" rel=\"noopener\"><b><span >Digital Workplace<\/span><\/b><\/a><span >, <\/span><b>la soluci\u00f3n que rompe todas las barreras<\/b><span > que limitan el talento, la colaboraci\u00f3n, la innovaci\u00f3n y la productividad. Gracias a ella, no estar en la oficina o no tener a mano el ordenador de la empresa no supondr\u00e1 ning\u00fan problema en ning\u00fan caso y favorecer\u00e1 poder realizar cualquier tipo de trabajos desde casa.<\/span><\/p>\n<h2 ><strong><span >Compromiso social<\/span><\/strong><\/h2>\n<p><span >Adem\u00e1s, <\/span><b>Digital Workplace<\/b><span > no es una herramienta m\u00e1s. La <\/span><b>apertura de nuevas f\u00f3rmulas<\/b><span >, el <\/span><b>aumento del teletrabajo y las posibilidades que ofrece<\/b><span >, <\/span><b>impulsan la adquisici\u00f3n de un importante compromiso<\/b><span >, que se relaciona, directamente, con la Responsabilidad Social Corporativa (RSC) de las empresas y, sobre todo, con la creaci\u00f3n de un mundo m\u00e1s sostenible.<\/span><\/p>\n<p><span >As\u00ed, por ejemplo, se trata de una de las mejores soluciones que podr\u00edan tenerse en cuenta para analizar los pros y contras del teletrabajo en la ciudad de Madrid y, por otra parte, para reducir los altos niveles de poluci\u00f3n que se est\u00e1n experimentando en las grandes urbes.<\/span><\/p>\n<h2 ><strong><span >Integrando a las empresas<\/span><\/strong><\/h2>\n<p><span >De hecho, el Gobierno de la Comunidad est\u00e1 poniendo en marcha un nuevo protocolo de actuaci\u00f3n para mejorar la calidad del aire. Y, adem\u00e1s de medidas que afectan a la velocidad de circulaci\u00f3n de veh\u00edculos o a su acceso a la capital, el documento <\/span><a href=\"http:\/\/www.madrid.org\/bvirtual\/BVCM003469.pdf\" target=\"_blank\" rel=\"noopener\"><b>Estrategia de Calidad del Aire y Cambio Clim\u00e1tico de la Comunidad de Madrid<\/b><\/a><span > \u2013tambi\u00e9n conocido popularmente como Plan Azul +- insta a las empresas a que se impliquen en esta lucha contra la contaminaci\u00f3n.<\/span><\/p>\n<p><span >Por ello, cuando se alcance el escenario 4 en los d\u00edas de niveles m\u00e1s elevados de poluci\u00f3n, las compa\u00f1\u00edas de m\u00e1s de 250 trabajadores recibir\u00e1n el respaldo necesario para, de forma voluntaria, dise\u00f1ar planes especiales que incluyan medidas de movilidad y flexibilidad horaria y, especialmente, para que apuesten, por ejemplo, por trabajar desde casa por internet.<\/span><\/p>\n<p><a href=\"\/actualidad\/?attachment_id=22653\" rel=\"attachment wp-att-22653\"><img decoding=\"async\" class=\"aligncenter size-full wp-image-22653\" src=\"\/media\/k2\/items\/src\/Entelgy\/2018\/02\/Digital-Workplace-la-soluci\u00f3n-que-rompe-todas-las-barreras.png\" alt=\"Digital Workplace, la soluci\u00f3n que rompe todas las barreras\" width=\"433\" height=\"288\" \/><\/a><\/p>\n<p><span >En este caso,<\/span><span ><b> Digital Workplace<\/b><\/span><span > presenta un <\/span><b>amplio abanico de posibilidades<\/b><span > que, adem\u00e1s de <\/span><b>promover el desarrollo de las habilidades laborales desde cualquier lugar<\/b><span >,<\/span><b> fomentar un aumento de las ofertas de teletrabajo<\/b><span > y <\/span><b>continuar el camino de la transformaci\u00f3n digital<\/b><span >, <\/span><b>propicia la integraci\u00f3n de las compa\u00f1\u00edas privadas en este protocolo y su compromiso con las medidas que propone.<\/b><\/p>\n<hr \/>\n<h3><span ><strong>Tambi\u00e9n te puede interesar<\/strong>:<\/span><\/h3>\n<div  align=\"center\">\n<table class=\"tablaP\" border=\"0\" cellspacing=\"0\" cellpadding=\"0\" align=\"center\">\n<tbody>\n<tr>\n<td ><img loading=\"lazy\" decoding=\"async\" class=\"alignnone\"  title=\"En la transformaci\u00f3n digital tampoco es oro todo lo que reluce\" src=\"\/media\/k2\/items\/src\/Entelgy\/2018\/02\/Faldon-En-la-transformaci\u00f3n-digital-tampoco-es-oro-todo-lo-que-reluce-Expansi\u00f3n.jpg\" alt=\"En la transformaci\u00f3n digital tampoco es oro todo lo que reluce\" width=\"290\" height=\"155\" \/><a href=\"https:\/\/entelgy.com\/transformacion-digital-expansion\/\" target=\"_blank\" rel=\"noopener\">En la transformaci\u00f3n digital tampoco es oro todo lo que reluce<\/a><\/td>\n<td ><img loading=\"lazy\" decoding=\"async\" class=\"alignnone\"  title=\"\u00bfConoces el v\u00eddeo que resume nuestra visi\u00f3n sobre la transformaci\u00f3n digital? Visita la web de Entelgy Digital\" src=\"\/media\/k2\/items\/src\/Entelgy\/2018\/01\/Faldon-Pagina-web-Entelgy-digital-transformaci\u00f3n-digital.jpg\" alt=\"\u00bfConoces el v\u00eddeo que resume nuestra visi\u00f3n sobre la transformaci\u00f3n digital? Visita la web de Entelgy Digital\" width=\"374\" height=\"200\" \/><a href=\"https:\/\/entelgy.com\/entelgy-digital-video\/\" target=\"_blank\" rel=\"noopener\">\u00bfConoces el v\u00eddeo que resume nuestra visi\u00f3n sobre la transformaci\u00f3n digital?\u00a0<\/a><\/td>\n<td ><img loading=\"lazy\" decoding=\"async\" class=\"alignnone\"  title=\"7 tendencias en Transformaci\u00f3n Digital para 2018 - Entlegy Digital\" src=\"\/media\/k2\/items\/src\/Entelgy\/2018\/01\/Faldon-7-tendencias-en-Transformaci\u00f3n-Digital-para-2018.jpg\" alt=\"7 tendencias en Transformaci\u00f3n Digital para 2018 - Entelgy Digital\" width=\"374\" height=\"200\" \/><a href=\"https:\/\/entelgy.com\/7-tendencias-transformacion-digital-2018\/\" target=\"_blank\" rel=\"noopener\">7 tendencias en Transformaci\u00f3n Digital<\/a><\/td>\n<\/tr>\n<\/tbody>\n<\/table>\n<\/div>\n<\/div>\n<p><!--more--><\/p>\n<div class=\"post_wp\">\n<h1 ><strong><span ><span >Digital Workplace<\/span><\/span><\/strong><\/h1>\n<h1 ><span ><span >\u00a0la apuesta de <strong><span >Entelgy<\/span><\/strong><\/span><strong> <span >Digital<\/span><\/strong><span > por el teletrabajo<\/span><\/span><\/h1>\n<p><b><a href=\"\/actualidad\/?attachment_id=22652\" rel=\"attachment wp-att-22652\"><img decoding=\"async\" class=\"size-full wp-image-22652 alignright\" src=\"https:\/\/entelgy.com\/wp-content\/uploads\/2018\/02\/Digital-Workplace-la-apuesta-de-Entelgy-Digital-por-el-teletrabajo.jpg\" alt=\"Digital Workplace, la apuesta de Entelgy Digital por el teletrabajo\" width=\"350\" height=\"233\" \/><\/a>Una de las bases sobre las que se asienta la transformaci\u00f3n digital de las empresas es la presencia de smart workers<\/b><span >. Es decir, trabajadores que puedan desarrollar su labor desde cualquier lugar, a cualquier hora y con cualquier dispositivo y que tengan acceso directo al conocimiento y los flujos de trabajo de forma r\u00e1pida y eficaz, sin depender de terceros.<\/span><\/p>\n<p><span >En<\/span> <a href=\"http:\/\/entelgydigital.com\/\" target=\"_blank\" rel=\"noopener\"><span ><b>Entelgy<\/b><\/span> <span ><b>Digital<\/b><\/span><\/a><span > hemos desarrollado <\/span><a href=\"http:\/\/entelgydigital.com\/?page_id=7744\/#bedigital\" target=\"_blank\" rel=\"noopener\"><b><span >Digital Workplace<\/span><\/b><\/a><span >, <\/span><b>la soluci\u00f3n que rompe todas las barreras<\/b><span > que limitan el talento, la colaboraci\u00f3n, la innovaci\u00f3n y la productividad. Gracias a ella, no estar en la oficina o no tener a mano el ordenador de la empresa no supondr\u00e1 ning\u00fan problema en ning\u00fan caso y favorecer\u00e1 poder realizar cualquier tipo de trabajos desde casa.<\/span><\/p>\n<h2 ><strong><span >Compromiso social<\/span><\/strong><\/h2>\n<p><span >Adem\u00e1s, <\/span><b>Digital Workplace<\/b><span > no es una herramienta m\u00e1s. La <\/span><b>apertura de nuevas f\u00f3rmulas<\/b><span >, el <\/span><b>aumento del teletrabajo y las posibilidades que ofrece<\/b><span >, <\/span><b>impulsan la adquisici\u00f3n de un importante compromiso<\/b><span >, que se relaciona, directamente, con la Responsabilidad Social Corporativa (RSC) de las empresas y, sobre todo, con la creaci\u00f3n de un mundo m\u00e1s sostenible.<\/span><\/p>\n<p><span >As\u00ed, por ejemplo, se trata de una de las mejores soluciones que podr\u00edan tenerse en cuenta para analizar los pros y contras del teletrabajo en la ciudad de Madrid y, por otra parte, para reducir los altos niveles de poluci\u00f3n que se est\u00e1n experimentando en las grandes urbes.<\/span><\/p>\n<h2 ><strong><span >Integrando a las empresas<\/span><\/strong><\/h2>\n<p><span >De hecho, el Gobierno de la Comunidad est\u00e1 poniendo en marcha un nuevo protocolo de actuaci\u00f3n para mejorar la calidad del aire. Y, adem\u00e1s de medidas que afectan a la velocidad de circulaci\u00f3n de veh\u00edculos o a su acceso a la capital, el documento <\/span><a href=\"http:\/\/www.madrid.org\/bvirtual\/BVCM003469.pdf\" target=\"_blank\" rel=\"noopener\"><b>Estrategia de Calidad del Aire y Cambio Clim\u00e1tico de la Comunidad de Madrid<\/b><\/a><span > \u2013tambi\u00e9n conocido popularmente como Plan Azul +- insta a las empresas a que se impliquen en esta lucha contra la contaminaci\u00f3n.<\/span><\/p>\n<p><span >Por ello, cuando se alcance el escenario 4 en los d\u00edas de niveles m\u00e1s elevados de poluci\u00f3n, las compa\u00f1\u00edas de m\u00e1s de 250 trabajadores recibir\u00e1n el respaldo necesario para, de forma voluntaria, dise\u00f1ar planes especiales que incluyan medidas de movilidad y flexibilidad horaria y, especialmente, para que apuesten, por ejemplo, por trabajar desde casa por internet.<\/span><\/p>\n<p><a href=\"\/actualidad\/?attachment_id=22653\" rel=\"attachment wp-att-22653\"><img decoding=\"async\" class=\"aligncenter size-full wp-image-22653\" src=\"\/media\/k2\/items\/src\/Entelgy\/2018\/02\/Digital-Workplace-la-soluci\u00f3n-que-rompe-todas-las-barreras.png\" alt=\"Digital Workplace, la soluci\u00f3n que rompe todas las barreras\" width=\"433\" height=\"288\" \/><\/a><\/p>\n<p><span >En este caso,<\/span><span ><b> Digital Workplace<\/b><\/span><span > presenta un <\/span><b>amplio abanico de posibilidades<\/b><span > que, adem\u00e1s de <\/span><b>promover el desarrollo de las habilidades laborales desde cualquier lugar<\/b><span >,<\/span><b> fomentar un aumento de las ofertas de teletrabajo<\/b><span > y <\/span><b>continuar el camino de la transformaci\u00f3n digital<\/b><span >, <\/span><b>propicia la integraci\u00f3n de las compa\u00f1\u00edas privadas en este protocolo y su compromiso con las medidas que propone.<\/b><\/p>\n<hr \/>\n<h3><span ><strong>Tambi\u00e9n te puede interesar<\/strong>:<\/span><\/h3>\n<div  align=\"center\">\n<table class=\"tablaP\" border=\"0\" cellspacing=\"0\" cellpadding=\"0\" align=\"center\">\n<tbody>\n<tr>\n<td ><img loading=\"lazy\" decoding=\"async\" class=\"alignnone\"  title=\"En la transformaci\u00f3n digital tampoco es oro todo lo que reluce\" src=\"\/media\/k2\/items\/src\/Entelgy\/2018\/02\/Faldon-En-la-transformaci\u00f3n-digital-tampoco-es-oro-todo-lo-que-reluce-Expansi\u00f3n.jpg\" alt=\"En la transformaci\u00f3n digital tampoco es oro todo lo que reluce\" width=\"290\" height=\"155\" \/><a href=\"https:\/\/entelgy.com\/transformacion-digital-expansion\/\" target=\"_blank\" rel=\"noopener\">En la transformaci\u00f3n digital tampoco es oro todo lo que reluce<\/a><\/td>\n<td ><img loading=\"lazy\" decoding=\"async\" class=\"alignnone\"  title=\"\u00bfConoces el v\u00eddeo que resume nuestra visi\u00f3n sobre la transformaci\u00f3n digital? Visita la web de Entelgy Digital\" src=\"\/media\/k2\/items\/src\/Entelgy\/2018\/01\/Faldon-Pagina-web-Entelgy-digital-transformaci\u00f3n-digital.jpg\" alt=\"\u00bfConoces el v\u00eddeo que resume nuestra visi\u00f3n sobre la transformaci\u00f3n digital? Visita la web de Entelgy Digital\" width=\"374\" height=\"200\" \/><a href=\"https:\/\/entelgy.com\/entelgy-digital-video\/\" target=\"_blank\" rel=\"noopener\">\u00bfConoces el v\u00eddeo que resume nuestra visi\u00f3n sobre la transformaci\u00f3n digital?\u00a0<\/a><\/td>\n<td ><img loading=\"lazy\" decoding=\"async\" class=\"alignnone\"  title=\"7 tendencias en Transformaci\u00f3n Digital para 2018 - Entlegy Digital\" src=\"\/media\/k2\/items\/src\/Entelgy\/2018\/01\/Faldon-7-tendencias-en-Transformaci\u00f3n-Digital-para-2018.jpg\" alt=\"7 tendencias en Transformaci\u00f3n Digital para 2018 - Entelgy Digital\" width=\"374\" height=\"200\" \/><a href=\"https:\/\/entelgy.com\/7-tendencias-transformacion-digital-2018\/\" target=\"_blank\" rel=\"noopener\">7 tendencias en Transformaci\u00f3n Digital<\/a><\/td>\n<\/tr>\n<\/tbody>\n<\/table>\n<\/div>\n<\/div>\n","protected":false},"excerpt":{"rendered":"<p>Digital Workplace \u00a0la apuesta de Entelgy Digital por el teletrabajo Una de las bases sobre las que se asienta la [&hellip;]<\/p>\n","protected":false},"author":4,"featured_media":26171,"comment_status":"open","ping_status":"open","sticky":false,"template":"","format":"standard","meta":{"_acf_changed":false,"rank_math_lock_modified_date":false,"site-sidebar-layout":"default","site-content-layout":"","ast-site-content-layout":"","site-content-style":"default","site-sidebar-style":"default","ast-global-header-display":"","ast-banner-title-visibility":"","ast-main-header-display":"","ast-hfb-above-header-display":"","ast-hfb-below-header-display":"","ast-hfb-mobile-header-display":"","site-post-title":"","ast-breadcrumbs-content":"","ast-featured-img":"","footer-sml-layout":"","theme-transparent-header-meta":"","adv-header-id-meta":"","stick-header-meta":"","header-above-stick-meta":"","header-main-stick-meta":"","header-below-stick-meta":"","astra-migrate-meta-layouts":"default","ast-page-background-enabled":"default","ast-page-background-meta":{"desktop":{"background-color":"var(--ast-global-color-4)","background-image":"","background-repeat":"repeat","background-position":"center center","background-size":"auto","background-attachment":"scroll","background-type":"","background-media":"","overlay-type":"","overlay-color":"","overlay-opacity":"","overlay-gradient":""},"tablet":{"background-color":"","background-image":"","background-repeat":"repeat","background-position":"center center","background-size":"auto","background-attachment":"scroll","background-type":"","background-media":"","overlay-type":"","overlay-color":"","overlay-opacity":"","overlay-gradient":""},"mobile":{"background-color":"","background-image":"","background-repeat":"repeat","background-position":"center center","background-size":"auto","background-attachment":"scroll","background-type":"","background-media":"","overlay-type":"","overlay-color":"","overlay-opacity":"","overlay-gradient":""}},"ast-content-background-meta":{"desktop":{"background-color":"var(--ast-global-color-5)","background-image":"","background-repeat":"repeat","background-position":"center center","background-size":"auto","background-attachment":"scroll","background-type":"","background-media":"","overlay-type":"","overlay-color":"","overlay-opacity":"","overlay-gradient":""},"tablet":{"background-color":"var(--ast-global-color-5)","background-image":"","background-repeat":"repeat","background-position":"center center","background-size":"auto","background-attachment":"scroll","background-type":"","background-media":"","overlay-type":"","overlay-color":"","overlay-opacity":"","overlay-gradient":""},"mobile":{"background-color":"var(--ast-global-color-5)","background-image":"","background-repeat":"repeat","background-position":"center center","background-size":"auto","background-attachment":"scroll","background-type":"","background-media":"","overlay-type":"","overlay-color":"","overlay-opacity":"","overlay-gradient":""}},"footnotes":""},"categories":[40,115],"tags":[8449,8450],"class_list":["post-26173","post","type-post","status-publish","format-standard","has-post-thumbnail","hentry","category-actualidad-es","category-proyectos","tag-digital-workplace-2","tag-transformacion-digital-3"],"acf":[],"_links":{"self":[{"href":"https:\/\/entelgy.com\/en\/wp-json\/wp\/v2\/posts\/26173","targetHints":{"allow":["GET"]}}],"collection":[{"href":"https:\/\/entelgy.com\/en\/wp-json\/wp\/v2\/posts"}],"about":[{"href":"https:\/\/entelgy.com\/en\/wp-json\/wp\/v2\/types\/post"}],"author":[{"embeddable":true,"href":"https:\/\/entelgy.com\/en\/wp-json\/wp\/v2\/users\/4"}],"replies":[{"embeddable":true,"href":"https:\/\/entelgy.com\/en\/wp-json\/wp\/v2\/comments?post=26173"}],"version-history":[{"count":0,"href":"https:\/\/entelgy.com\/en\/wp-json\/wp\/v2\/posts\/26173\/revisions"}],"wp:featuredmedia":[{"embeddable":true,"href":"https:\/\/entelgy.com\/en\/wp-json\/wp\/v2\/media\/26171"}],"wp:attachment":[{"href":"https:\/\/entelgy.com\/en\/wp-json\/wp\/v2\/media?parent=26173"}],"wp:term":[{"taxonomy":"category","embeddable":true,"href":"https:\/\/entelgy.com\/en\/wp-json\/wp\/v2\/categories?post=26173"},{"taxonomy":"post_tag","embeddable":true,"href":"https:\/\/entelgy.com\/en\/wp-json\/wp\/v2\/tags?post=26173"}],"curies":[{"name":"wp","href":"https:\/\/api.w.org\/{rel}","templated":true}]}}